{"id":3518,"date":"2026-09-04T16:46:14","date_gmt":"2026-09-04T16:46:14","guid":{"rendered":"https:\/\/jornalfc.com\/?p=3518"},"modified":"2026-09-04T16:46:14","modified_gmt":"2026-09-04T16:46:14","slug":"rio-verde-inaugura-quarta-academia-da-saude-e-amplia-acesso-gratuito-a-atividade-fisica","status":"publish","type":"post","link":"https:\/\/jornalfc.com\/pt\/2026\/09\/04\/rio-verde-inaugura-quarta-academia-da-saude-e-amplia-acesso-gratuito-a-atividade-fisica\/","title":{"rendered":"Rio Verde inaugura quarta Academia da Sa\u00fade e amplia acesso gratuito \u00e0 atividade f\u00edsica"},"content":{"rendered":"<p class=\"wp-block-paragraph\">Nova unidade no Residencial Cana\u00e3 integra o Programa Rio Verde Fit e oferece equipamentos de muscula\u00e7\u00e3o e acompanhamento profissional<\/p>\n\n\n\n<figure class=\"wp-block-image size-full is-resized\"><img fetchpriority=\"high\" decoding=\"async\" width=\"512\" height=\"425\" src=\"https:\/\/jornalfc.com\/wp-content\/uploads\/2026\/09\/Captura-de-tela-2026-09-04-133624.png\" alt=\"\" class=\"wp-image-3520\" style=\"aspect-ratio:1.2047577027722627;width:740px;height:auto\" srcset=\"https:\/\/jornalfc.com\/wp-content\/uploads\/2026\/09\/Captura-de-tela-2026-09-04-133624.png 512w, https:\/\/jornalfc.com\/wp-content\/uploads\/2026\/09\/Captura-de-tela-2026-09-04-133624-14x12.png 14w, https:\/\/jornalfc.com\/wp-content\/uploads\/2026\/09\/Captura-de-tela-2026-09-04-133624-300x249.png 300w\" sizes=\"(max-width: 512px) 100vw, 512px\" \/><\/figure>\n\n\n\n<p class=\"wp-block-paragraph\">A Prefeitura de Rio Verde, por meio da Secretaria Municipal de Sa\u00fade, inaugurou nesta quinta-feira (3) a quarta Academia da Sa\u00fade do munic\u00edpio. A nova unidade est\u00e1 localizada na Rua Beb\u00ea Borges, no Residencial Cana\u00e3, regi\u00e3o do Parque T\u00falio Jayme, e passa a integrar o Programa Rio Verde Fit \u2013 Academias da Sa\u00fade.<\/p>\n\n\n\n<p class=\"wp-block-paragraph\">O novo espa\u00e7o amplia as op\u00e7\u00f5es gratuitas para quem busca praticar atividades f\u00edsicas e cuidar da sa\u00fade. A estrutura disp\u00f5e de equipamentos de muscula\u00e7\u00e3o, ambiente adequado para os exerc\u00edcios e acompanhamento de profissionais de Educa\u00e7\u00e3o F\u00edsica.<\/p>\n\n\n\n<p class=\"wp-block-paragraph\">A academia conta com aparelhos destinados ao trabalho de diferentes grupos musculares, possibilitando a realiza\u00e7\u00e3o de treinos variados e completos. Durante as atividades, os profissionais orientam os usu\u00e1rios sobre a execu\u00e7\u00e3o correta dos movimentos, contribuindo para treinos mais seguros e adequados \u00e0s necessidades dos participantes.<\/p>\n\n\n\n<p class=\"wp-block-paragraph\">A proposta do Rio Verde Fit vai al\u00e9m da oferta de equipamentos. O programa busca estimular h\u00e1bitos mais saud\u00e1veis, combater o sedentarismo e utilizar a atividade f\u00edsica como importante instrumento de preven\u00e7\u00e3o de doen\u00e7as e promo\u00e7\u00e3o da sa\u00fade.<\/p>\n\n\n\n<p class=\"wp-block-paragraph\"><strong>Quatro unidades em Rio Verde<\/strong><\/p>\n\n\n<div class=\"wp-block-image\">\n<figure class=\"alignleft size-full is-resized\"><img decoding=\"async\" width=\"516\" height=\"557\" src=\"https:\/\/jornalfc.com\/wp-content\/uploads\/2026\/09\/2.jpg\" alt=\"\" class=\"wp-image-3519\" style=\"aspect-ratio:0.9263893174741212;width:334px;height:auto\" srcset=\"https:\/\/jornalfc.com\/wp-content\/uploads\/2026\/09\/2.jpg 516w, https:\/\/jornalfc.com\/wp-content\/uploads\/2026\/09\/2-278x300.jpg 278w, https:\/\/jornalfc.com\/wp-content\/uploads\/2026\/09\/2-11x12.jpg 11w\" sizes=\"(max-width: 516px) 100vw, 516px\" \/><\/figure>\n<\/div>\n\n\n<p class=\"wp-block-paragraph\">Com a inaugura\u00e7\u00e3o no Residencial Cana\u00e3, Rio Verde passa a contar com quatro Academias da Sa\u00fade distribu\u00eddas em diferentes regi\u00f5es da cidade. As demais unidades est\u00e3o instaladas no Parque Mauro Borges, no Residencial Dona Gercina; no Parque Interlagos; e no Parque Lauro Martins Filho, no Recanto do Bosque.<\/p>\n\n\n\n<p class=\"wp-block-paragraph\">A descentraliza\u00e7\u00e3o das academias facilita o acesso dos moradores e aproxima as a\u00e7\u00f5es de promo\u00e7\u00e3o da sa\u00fade das comunidades. Todas as unidades oferecem atividades gratuitas, permitindo que a popula\u00e7\u00e3o mantenha uma rotina de exerc\u00edcios com orienta\u00e7\u00e3o profissional.<\/p>\n\n\n\n<p class=\"wp-block-paragraph\">As Academias da Sa\u00fade funcionam de segunda a sexta-feira, das 5h \u00e0s 9h e das 17h \u00e0s 21h, per\u00edodos em que os usu\u00e1rios contam com acompanhamento de profissionais de Educa\u00e7\u00e3o F\u00edsica.<\/p>\n\n\n\n<p class=\"wp-block-paragraph\">Al\u00e9m dos treinos, o Programa Rio Verde Fit contempla atividades coletivas, campanhas educativas e acompanhamento dos resultados dos participantes. A iniciativa busca consolidar a pr\u00e1tica regular de exerc\u00edcios como parte da rotina da popula\u00e7\u00e3o, contribuindo para a preven\u00e7\u00e3o de doen\u00e7as, melhoria da qualidade de vida e promo\u00e7\u00e3o da longevidade.<\/p>\n\n\n\n<p class=\"wp-block-paragraph\">Com a quarta unidade em funcionamento, o munic\u00edpio amplia a estrutura p\u00fablica destinada \u00e0 atividade f\u00edsica e fortalece as pol\u00edticas de promo\u00e7\u00e3o da sa\u00fade e preven\u00e7\u00e3o, levando gratuitamente esses servi\u00e7os para diferentes regi\u00f5es de Rio Verde.<\/p>","protected":false},"excerpt":{"rendered":"<p>Nova unidade no Residencial Cana\u00e3 integra o Programa Rio Verde Fit e oferece equipamentos de muscula\u00e7\u00e3o e acompanhamento profissional A Prefeitura de Rio Verde, por meio da Secretaria Municipal de Sa\u00fade, inaugurou nesta quinta-feira (3) a quarta Academia da Sa\u00fade do munic\u00edpio. A nova unidade est\u00e1 localizada na Rua Beb\u00ea Borges, no Residencial Cana\u00e3, regi\u00e3o [&hellip;]<\/p>\n","protected":false},"author":1,"featured_media":0,"comment_status":"open","ping_status":"open","sticky":false,"template":"","format":"standard","meta":{"om_disable_all_campaigns":false,"_monsterinsights_skip_tracking":false,"footnotes":""},"categories":[3],"tags":[],"class_list":["post-3518","post","type-post","status-publish","format-standard","hentry","category-cidade"],"amp_enabled":true,"_links":{"self":[{"href":"https:\/\/jornalfc.com\/pt\/wp-json\/wp\/v2\/posts\/3518","targetHints":{"allow":["GET"]}}],"collection":[{"href":"https:\/\/jornalfc.com\/pt\/wp-json\/wp\/v2\/posts"}],"about":[{"href":"https:\/\/jornalfc.com\/pt\/wp-json\/wp\/v2\/types\/post"}],"author":[{"embeddable":true,"href":"https:\/\/jornalfc.com\/pt\/wp-json\/wp\/v2\/users\/1"}],"replies":[{"embeddable":true,"href":"https:\/\/jornalfc.com\/pt\/wp-json\/wp\/v2\/comments?post=3518"}],"version-history":[{"count":1,"href":"https:\/\/jornalfc.com\/pt\/wp-json\/wp\/v2\/posts\/3518\/revisions"}],"predecessor-version":[{"id":3521,"href":"https:\/\/jornalfc.com\/pt\/wp-json\/wp\/v2\/posts\/3518\/revisions\/3521"}],"wp:attachment":[{"href":"https:\/\/jornalfc.com\/pt\/wp-json\/wp\/v2\/media?parent=3518"}],"wp:term":[{"taxonomy":"category","embeddable":true,"href":"https:\/\/jornalfc.com\/pt\/wp-json\/wp\/v2\/categories?post=3518"},{"taxonomy":"post_tag","embeddable":true,"href":"https:\/\/jornalfc.com\/pt\/wp-json\/wp\/v2\/tags?post=3518"}],"curies":[{"name":"wp","href":"https:\/\/api.w.org\/{rel}","templated":true}]}}