{"id":3515,"date":"2026-09-04T12:20:45","date_gmt":"2026-09-04T12:20:45","guid":{"rendered":"https:\/\/jornalfc.com\/?p=3515"},"modified":"2026-09-04T12:20:48","modified_gmt":"2026-09-04T12:20:48","slug":"circuito-cultural-leva-musica-arte-e-hip-hop-ao-parque-lauro-martins","status":"publish","type":"post","link":"https:\/\/jornalfc.com\/pt\/2026\/09\/04\/circuito-cultural-leva-musica-arte-e-hip-hop-ao-parque-lauro-martins\/","title":{"rendered":"Circuito Cultural leva m\u00fasica, arte e Hip Hop ao Parque Lauro Martins"},"content":{"rendered":"<p class=\"wp-block-paragraph\">Programa\u00e7\u00e3o gratuita ser\u00e1 realizada nesta sexta-feira (4) e s\u00e1bado (5), no Bairro Promiss\u00e3o, com apresenta\u00e7\u00f5es de artistas locais e diferentes manifesta\u00e7\u00f5es culturais<\/p>\n\n\n\n<figure class=\"wp-block-image size-large\"><img fetchpriority=\"high\" decoding=\"async\" width=\"838\" height=\"1024\" src=\"https:\/\/jornalfc.com\/wp-content\/uploads\/2026\/09\/WhatsApp-Image-2026-09-04-at-08.43.47-838x1024.jpeg\" alt=\"\" class=\"wp-image-3516\" srcset=\"https:\/\/jornalfc.com\/wp-content\/uploads\/2026\/09\/WhatsApp-Image-2026-09-04-at-08.43.47-838x1024.jpeg 838w, https:\/\/jornalfc.com\/wp-content\/uploads\/2026\/09\/WhatsApp-Image-2026-09-04-at-08.43.47-245x300.jpeg 245w, https:\/\/jornalfc.com\/wp-content\/uploads\/2026\/09\/WhatsApp-Image-2026-09-04-at-08.43.47-10x12.jpeg 10w, https:\/\/jornalfc.com\/wp-content\/uploads\/2026\/09\/WhatsApp-Image-2026-09-04-at-08.43.47-768x938.jpeg 768w, https:\/\/jornalfc.com\/wp-content\/uploads\/2026\/09\/WhatsApp-Image-2026-09-04-at-08.43.47.jpeg 1063w\" sizes=\"(max-width: 838px) 100vw, 838px\" \/><\/figure>\n\n\n\n<p class=\"wp-block-paragraph\">O Parque Lauro Martins Filho, no Bairro Promiss\u00e3o, ser\u00e1 palco de m\u00fasica, dan\u00e7a e arte nesta sexta-feira (4) e s\u00e1bado (5), durante mais uma etapa do Circuito de Mostra Cultural e da Mostra Cultural de Hip Hop nos Bairros. A programa\u00e7\u00e3o \u00e9 gratuita e busca aproximar as manifesta\u00e7\u00f5es art\u00edsticas da comunidade rio-verdense.<\/p>\n\n\n\n<p class=\"wp-block-paragraph\">Nesta sexta-feira, a partir das 20h, o Circuito de Mostra Cultural abre a programa\u00e7\u00e3o com apresenta\u00e7\u00f5es de MPB, Pop e Rock. Artistas e talentos locais ter\u00e3o espa\u00e7o para mostrar seus trabalhos, proporcionando ao p\u00fablico uma noite de m\u00fasica, cultura e lazer.<\/p>\n\n\n\n<p class=\"wp-block-paragraph\">A iniciativa tamb\u00e9m representa uma oportunidade de descentralizar as atividades culturais, levando apresenta\u00e7\u00f5es para diferentes regi\u00f5es de Rio Verde e ampliando o contato da popula\u00e7\u00e3o com a produ\u00e7\u00e3o art\u00edstica do munic\u00edpio.<\/p>\n\n\n\n<p class=\"wp-block-paragraph\">No s\u00e1bado (5), tamb\u00e9m a partir das 20h, ser\u00e1 a vez da Mostra Cultural de Hip Hop nos Bairros ocupar o Parque Lauro Martins Filho. A programa\u00e7\u00e3o reunir\u00e1 m\u00fasica, dan\u00e7a e outras express\u00f5es ligadas ao movimento Hip Hop, fortalecendo uma manifesta\u00e7\u00e3o cultural que tem forte presen\u00e7a especialmente entre os jovens.<\/p>\n\n\n\n<p class=\"wp-block-paragraph\">Al\u00e9m do entretenimento, as duas a\u00e7\u00f5es t\u00eam como proposta valorizar os artistas de Rio Verde, abrir espa\u00e7os para novos talentos e democratizar o acesso \u00e0 cultura. Ao levar as apresenta\u00e7\u00f5es diretamente aos bairros, o circuito aproxima artistas e comunidade e transforma os espa\u00e7os p\u00fablicos em pontos de conviv\u00eancia e express\u00e3o cultural.<\/p>\n\n\n\n<p class=\"wp-block-paragraph\"><strong>Todas as atividades s\u00e3o gratuitas e abertas \u00e0 popula\u00e7\u00e3o.<\/strong><\/p>\n\n\n\n<p class=\"wp-block-paragraph\"><strong>SERVI\u00c7O<\/strong><\/p>\n\n\n\n<p class=\"wp-block-paragraph\"><strong>Circuito de Mostra Cultural \u2013 MPB, Pop e Rock<\/strong><\/p>\n\n\n\n<p class=\"wp-block-paragraph\">Data: 4 de setembro, sexta-feira<\/p>\n\n\n\n<p class=\"wp-block-paragraph\">Hor\u00e1rio: 20h<\/p>\n\n\n\n<p class=\"wp-block-paragraph\">Local: Parque Lauro Martins Filho \u2013 Bairro Promiss\u00e3o<\/p>\n\n\n\n<p class=\"wp-block-paragraph\"><strong>Mostra Cultural de Hip Hop nos Bairros<\/strong><\/p>\n\n\n\n<p class=\"wp-block-paragraph\">Data: 5 de setembro, s\u00e1bado<\/p>\n\n\n\n<p class=\"wp-block-paragraph\">Hor\u00e1rio: 20h<\/p>\n\n\n\n<p class=\"wp-block-paragraph\">Local: Parque Lauro Martins Filho \u2013 Bairro Promiss\u00e3o<\/p>","protected":false},"excerpt":{"rendered":"<p>Programa\u00e7\u00e3o gratuita ser\u00e1 realizada nesta sexta-feira (4) e s\u00e1bado (5), no Bairro Promiss\u00e3o, com apresenta\u00e7\u00f5es de artistas locais e diferentes manifesta\u00e7\u00f5es culturais O Parque Lauro Martins Filho, no Bairro Promiss\u00e3o, ser\u00e1 palco de m\u00fasica, dan\u00e7a e arte nesta sexta-feira (4) e s\u00e1bado (5), durante mais uma etapa do Circuito de Mostra Cultural e da Mostra [&hellip;]<\/p>\n","protected":false},"author":1,"featured_media":0,"comment_status":"open","ping_status":"open","sticky":false,"template":"","format":"standard","meta":{"om_disable_all_campaigns":false,"_monsterinsights_skip_tracking":false,"footnotes":""},"categories":[21],"tags":[],"class_list":["post-3515","post","type-post","status-publish","format-standard","hentry","category-cultura"],"amp_enabled":true,"_links":{"self":[{"href":"https:\/\/jornalfc.com\/pt\/wp-json\/wp\/v2\/posts\/3515","targetHints":{"allow":["GET"]}}],"collection":[{"href":"https:\/\/jornalfc.com\/pt\/wp-json\/wp\/v2\/posts"}],"about":[{"href":"https:\/\/jornalfc.com\/pt\/wp-json\/wp\/v2\/types\/post"}],"author":[{"embeddable":true,"href":"https:\/\/jornalfc.com\/pt\/wp-json\/wp\/v2\/users\/1"}],"replies":[{"embeddable":true,"href":"https:\/\/jornalfc.com\/pt\/wp-json\/wp\/v2\/comments?post=3515"}],"version-history":[{"count":1,"href":"https:\/\/jornalfc.com\/pt\/wp-json\/wp\/v2\/posts\/3515\/revisions"}],"predecessor-version":[{"id":3517,"href":"https:\/\/jornalfc.com\/pt\/wp-json\/wp\/v2\/posts\/3515\/revisions\/3517"}],"wp:attachment":[{"href":"https:\/\/jornalfc.com\/pt\/wp-json\/wp\/v2\/media?parent=3515"}],"wp:term":[{"taxonomy":"category","embeddable":true,"href":"https:\/\/jornalfc.com\/pt\/wp-json\/wp\/v2\/categories?post=3515"},{"taxonomy":"post_tag","embeddable":true,"href":"https:\/\/jornalfc.com\/pt\/wp-json\/wp\/v2\/tags?post=3515"}],"curies":[{"name":"wp","href":"https:\/\/api.w.org\/{rel}","templated":true}]}}