{"id":3506,"date":"2026-09-03T16:14:23","date_gmt":"2026-09-03T16:14:23","guid":{"rendered":"https:\/\/jornalfc.com\/?p=3506"},"modified":"2026-09-03T16:14:41","modified_gmt":"2026-09-03T16:14:41","slug":"equatorial-goias-entrega-nova-agencia-de-atendimento-com-estrutura-moderna-em-rio-verde","status":"publish","type":"post","link":"https:\/\/jornalfc.com\/pt\/2026\/09\/03\/equatorial-goias-entrega-nova-agencia-de-atendimento-com-estrutura-moderna-em-rio-verde\/","title":{"rendered":"Equatorial Goi\u00e1s entrega nova ag\u00eancia de atendimento com estrutura moderna em Rio Verde"},"content":{"rendered":"<p class=\"wp-block-paragraph\">Atendimento presencial passa a funcionar na Vila Mutir\u00e3o, em um espa\u00e7o ainda mais confort\u00e1vel e integrado \u00e0 base operacional da empresa; conhe\u00e7a servi\u00e7os dispon\u00edveis<\/p>\n\n\n\n<figure class=\"wp-block-image size-large\"><img fetchpriority=\"high\" decoding=\"async\" width=\"1024\" height=\"768\" src=\"https:\/\/jornalfc.com\/wp-content\/uploads\/2026\/09\/WhatsApp-Image-2026-09-03-at-10.20.18-1024x768.jpeg\" alt=\"\" class=\"wp-image-3507\" srcset=\"https:\/\/jornalfc.com\/wp-content\/uploads\/2026\/09\/WhatsApp-Image-2026-09-03-at-10.20.18-1024x768.jpeg 1024w, https:\/\/jornalfc.com\/wp-content\/uploads\/2026\/09\/WhatsApp-Image-2026-09-03-at-10.20.18-300x225.jpeg 300w, https:\/\/jornalfc.com\/wp-content\/uploads\/2026\/09\/WhatsApp-Image-2026-09-03-at-10.20.18-768x576.jpeg 768w, https:\/\/jornalfc.com\/wp-content\/uploads\/2026\/09\/WhatsApp-Image-2026-09-03-at-10.20.18-16x12.jpeg 16w, https:\/\/jornalfc.com\/wp-content\/uploads\/2026\/09\/WhatsApp-Image-2026-09-03-at-10.20.18.jpeg 1280w\" sizes=\"(max-width: 1024px) 100vw, 1024px\" \/><\/figure>\n\n\n\n<p class=\"wp-block-paragraph\">Goi\u00e2nia, 3 de setembro de 2026 \u2013 Os moradores de Rio Verde contam com uma nova experi\u00eancia no atendimento presencial da Equatorial Goi\u00e1s. A concession\u00e1ria desativou o antigo pr\u00e9dio da cidade e concentrou, desde o dia 31 de agosto, todos os seus servi\u00e7os em um espa\u00e7o amplo e moderno, localizado na Rua 5, na Vila Mutir\u00e3o. A unidade funciona de segunda a sexta-feira, das 8h \u00e0s 17h.<\/p>\n\n\n\n<p class=\"wp-block-paragraph\">A mudan\u00e7a para a nova sede foi planejada para garantir ainda mais agilidade, acessibilidade e comodidade \u00e0 popula\u00e7\u00e3o. O ambiente \u00e9 totalmente climatizado, possui layout funcional para otimizar o tempo de espera e oferece um amplo estacionamento para os clientes. A grande novidade do projeto \u00e9 a integra\u00e7\u00e3o da ag\u00eancia \u00e0 base operacional da distribuidora no munic\u00edpio, aproximando o atendimento ao p\u00fablico da estrutura t\u00e9cnica da empresa.<\/p>\n\n\n\n<p class=\"wp-block-paragraph\">A migra\u00e7\u00e3o de endere\u00e7o foi realizada no fim de semana dos dias 29 e 30 de agosto, permitindo o in\u00edcio imediato dos trabalhos na segunda-feira, dia 31. A nova estrutura est\u00e1 preparada para absorver com mais conforto a demanda de Rio Verde, que registra uma m\u00e9dia mensal de 5,6 mil atendimentos presenciais. No local, os consumidores encontram suporte completo para pedidos de liga\u00e7\u00e3o nova, troca de titularidade, negocia\u00e7\u00e3o de d\u00e9bitos, atualiza\u00e7\u00e3o cadastral e servi\u00e7os comerciais em geral.<\/p>\n\n\n<div class=\"wp-block-image\">\n<figure class=\"alignleft size-large is-resized\"><img decoding=\"async\" width=\"1024\" height=\"768\" src=\"https:\/\/jornalfc.com\/wp-content\/uploads\/2026\/09\/WhatsApp-Image-2026-09-03-at-10.20.19-1-1024x768.jpeg\" alt=\"\" class=\"wp-image-3508\" style=\"width:271px;height:auto\" srcset=\"https:\/\/jornalfc.com\/wp-content\/uploads\/2026\/09\/WhatsApp-Image-2026-09-03-at-10.20.19-1-1024x768.jpeg 1024w, https:\/\/jornalfc.com\/wp-content\/uploads\/2026\/09\/WhatsApp-Image-2026-09-03-at-10.20.19-1-300x225.jpeg 300w, https:\/\/jornalfc.com\/wp-content\/uploads\/2026\/09\/WhatsApp-Image-2026-09-03-at-10.20.19-1-768x576.jpeg 768w, https:\/\/jornalfc.com\/wp-content\/uploads\/2026\/09\/WhatsApp-Image-2026-09-03-at-10.20.19-1-16x12.jpeg 16w, https:\/\/jornalfc.com\/wp-content\/uploads\/2026\/09\/WhatsApp-Image-2026-09-03-at-10.20.19-1.jpeg 1280w\" sizes=\"(max-width: 1024px) 100vw, 1024px\" \/><\/figure>\n<\/div>\n\n\n<p class=\"wp-block-paragraph\">Para marcar oficialmente essa entrega, a Equatorial Goi\u00e1s promove uma solenidade de inaugura\u00e7\u00e3o no pr\u00f3ximo dia 8 de setembro, \u00e0s 14h, com a presen\u00e7a de executivos da companhia e autoridades municipais. O evento n\u00e3o afetar\u00e1 o funcionamento da ag\u00eancia, que seguir\u00e1 atendendo o p\u00fablico normalmente ao longo de todo o dia.<\/p>\n\n\n\n<p class=\"wp-block-paragraph\">O gerente de relacionamento com o cliente da Equatorial Goi\u00e1s, Jaime Ribeiro Soares, destaca que o investimento refor\u00e7a o compromisso da concession\u00e1ria com a regi\u00e3o. &#8220;A mudan\u00e7a para este novo endere\u00e7o fortalece a presen\u00e7a da Equatorial Goi\u00e1s em Rio Verde e reafirma nosso compromisso com um atendimento presencial mais confort\u00e1vel e eficiente. Unificamos o atendimento \u00e0 nossa base operacional em um espa\u00e7o com amplo estacionamento para garantir mais praticidade a quem precisa dos nossos servi\u00e7os&#8221;, afirma.<\/p>\n\n\n\n<p class=\"wp-block-paragraph\"><strong>Facilidade na palma da m\u00e3o<\/strong><\/p>\n\n\n\n<p class=\"wp-block-paragraph\">Al\u00e9m do atendimento presencial no novo endere\u00e7o, a Equatorial Goi\u00e1s lembra que os clientes podem solicitar servi\u00e7os sem sair de casa. Por meio dos canais digitais, \u00e9 poss\u00edvel emitir segunda via de conta, avisar sobre falta de energia ou pedir religa\u00e7\u00e3o de forma r\u00e1pida. O atendimento virtual funciona 24 horas por dia pelo WhatsApp (62 3243-2020), pelo aplicativo para celular ou no site oficial (www.equatorialenergia.com.br).<\/p>\n\n\n\n<p class=\"wp-block-paragraph\"><strong>Servi\u00e7o:<\/strong> Ag\u00eancia de Atendimento da Equatorial Goi\u00e1s em Rio Verde<\/p>\n\n\n\n<p class=\"wp-block-paragraph\">Hor\u00e1rio de funcionamento: De segunda a sexta-feira, das 8h \u00e0s 17h.<\/p>\n\n\n\n<p class=\"wp-block-paragraph\">Endere\u00e7o: Rua 5, s\/n, Vila Mutir\u00e3o, Rio Verde &#8211; GO.<\/p>\n\n\n\n<p class=\"wp-block-paragraph\"><strong>Sobre a Equatorial Goi\u00e1s<\/strong><\/p>\n\n\n\n<p class=\"wp-block-paragraph\">A Equatorial Goi\u00e1s \u00e9 uma empresa que pertence ao Grupo Equatorial, uma holding brasileira do setor de utilities, sendo o 3\u00ba maior grupo de distribui\u00e7\u00e3o de energia do pa\u00eds, com 7 concession\u00e1rias que atendem mais de 56 milh\u00f5es de pessoas. Somente em Goi\u00e1s s\u00e3o cerca de 3,8 milh\u00f5es de unidades consumidoras, localizadas em 237 munic\u00edpios do Estado e abrangendo 98,7% do territ\u00f3rio estadual, com cobertura de uma \u00e1rea de 336.871 km\u00b2. Fotos: Equatorial Goi\u00e1s<\/p>","protected":false},"excerpt":{"rendered":"<p>Atendimento presencial passa a funcionar na Vila Mutir\u00e3o, em um espa\u00e7o ainda mais confort\u00e1vel e integrado \u00e0 base operacional da empresa; conhe\u00e7a servi\u00e7os dispon\u00edveis Goi\u00e2nia, 3 de setembro de 2026 \u2013 Os moradores de Rio Verde contam com uma nova experi\u00eancia no atendimento presencial da Equatorial Goi\u00e1s. A concession\u00e1ria desativou o antigo pr\u00e9dio da cidade [&hellip;]<\/p>\n","protected":false},"author":2,"featured_media":0,"comment_status":"open","ping_status":"open","sticky":false,"template":"","format":"standard","meta":{"om_disable_all_campaigns":false,"_monsterinsights_skip_tracking":false,"footnotes":""},"categories":[3],"tags":[],"class_list":["post-3506","post","type-post","status-publish","format-standard","hentry","category-cidade"],"amp_enabled":true,"_links":{"self":[{"href":"https:\/\/jornalfc.com\/pt\/wp-json\/wp\/v2\/posts\/3506","targetHints":{"allow":["GET"]}}],"collection":[{"href":"https:\/\/jornalfc.com\/pt\/wp-json\/wp\/v2\/posts"}],"about":[{"href":"https:\/\/jornalfc.com\/pt\/wp-json\/wp\/v2\/types\/post"}],"author":[{"embeddable":true,"href":"https:\/\/jornalfc.com\/pt\/wp-json\/wp\/v2\/users\/2"}],"replies":[{"embeddable":true,"href":"https:\/\/jornalfc.com\/pt\/wp-json\/wp\/v2\/comments?post=3506"}],"version-history":[{"count":1,"href":"https:\/\/jornalfc.com\/pt\/wp-json\/wp\/v2\/posts\/3506\/revisions"}],"predecessor-version":[{"id":3509,"href":"https:\/\/jornalfc.com\/pt\/wp-json\/wp\/v2\/posts\/3506\/revisions\/3509"}],"wp:attachment":[{"href":"https:\/\/jornalfc.com\/pt\/wp-json\/wp\/v2\/media?parent=3506"}],"wp:term":[{"taxonomy":"category","embeddable":true,"href":"https:\/\/jornalfc.com\/pt\/wp-json\/wp\/v2\/categories?post=3506"},{"taxonomy":"post_tag","embeddable":true,"href":"https:\/\/jornalfc.com\/pt\/wp-json\/wp\/v2\/tags?post=3506"}],"curies":[{"name":"wp","href":"https:\/\/api.w.org\/{rel}","templated":true}]}}