{"id":3503,"date":"2026-09-03T16:11:55","date_gmt":"2026-09-03T16:11:55","guid":{"rendered":"https:\/\/jornalfc.com\/?p=3503"},"modified":"2026-09-03T16:12:21","modified_gmt":"2026-09-03T16:12:21","slug":"sudoexpo-2026-recebe-premiacao-do-4o-concurso-desenvolve-rio-verde","status":"publish","type":"post","link":"https:\/\/jornalfc.com\/pt\/2026\/09\/03\/sudoexpo-2026-recebe-premiacao-do-4o-concurso-desenvolve-rio-verde\/","title":{"rendered":"Sudoexpo 2026 recebe premia\u00e7\u00e3o do 4\u00ba Concurso Desenvolve Rio Verde"},"content":{"rendered":"<figure class=\"wp-block-image size-large\"><img fetchpriority=\"high\" decoding=\"async\" width=\"1024\" height=\"724\" src=\"https:\/\/jornalfc.com\/wp-content\/uploads\/2026\/09\/WhatsApp-Image-2026-09-02-at-09.45.45-1024x724.jpeg\" alt=\"\" class=\"wp-image-3504\" srcset=\"https:\/\/jornalfc.com\/wp-content\/uploads\/2026\/09\/WhatsApp-Image-2026-09-02-at-09.45.45-1024x724.jpeg 1024w, https:\/\/jornalfc.com\/wp-content\/uploads\/2026\/09\/WhatsApp-Image-2026-09-02-at-09.45.45-300x212.jpeg 300w, https:\/\/jornalfc.com\/wp-content\/uploads\/2026\/09\/WhatsApp-Image-2026-09-02-at-09.45.45-767x542.jpeg 767w, https:\/\/jornalfc.com\/wp-content\/uploads\/2026\/09\/WhatsApp-Image-2026-09-02-at-09.45.45-17x12.jpeg 17w, https:\/\/jornalfc.com\/wp-content\/uploads\/2026\/09\/WhatsApp-Image-2026-09-02-at-09.45.45-1536x1086.jpeg 1536w, https:\/\/jornalfc.com\/wp-content\/uploads\/2026\/09\/WhatsApp-Image-2026-09-02-at-09.45.45.jpeg 1600w\" sizes=\"(max-width: 1024px) 100vw, 1024px\" \/><\/figure>\n\n\n\n<p class=\"wp-block-paragraph\">A Sudoexpo 2026 ser\u00e1 palco da premia\u00e7\u00e3o do 4\u00ba Concurso Desenvolve Rio Verde, iniciativa do Conselho de Desenvolvimento Econ\u00f4mico de Rio Verde (CODERV) que reconhece projetos pr\u00e1ticos voltados ao desenvolvimento comunit\u00e1rio e \u00e0 melhoria da cidade. A cerim\u00f4nia ser\u00e1 realizada no dia 10 de setembro, \u00e0s 18h, na sala do Teatro Lauro Martins, durante a programa\u00e7\u00e3o da feira.<\/p>\n\n\n\n<p class=\"wp-block-paragraph\">O concurso \u00e9 destinado a estudantes de gradua\u00e7\u00e3o de institui\u00e7\u00f5es de ensino superior de Rio Verde e busca incentivar os jovens a desenvolverem ideias e solu\u00e7\u00f5es que possam contribuir para o crescimento e a transforma\u00e7\u00e3o do munic\u00edpio.<\/p>\n\n\n\n<p class=\"wp-block-paragraph\"><strong>Projetos que transformam<\/strong><\/p>\n\n\n\n<p class=\"wp-block-paragraph\">A iniciativa valoriza a criatividade, o conhecimento acad\u00eamico e o olhar dos estudantes para os desafios da cidade. Os cinco melhores projetos ser\u00e3o premiados, contemplando tanto os alunos quanto os professores orientadores.<\/p>\n\n\n\n<p class=\"wp-block-paragraph\">O primeiro colocado receber\u00e1 R$ 10 mil para os alunos e R$ 5 mil para os orientadores. O segundo lugar ser\u00e1 premiado com R$ 6 mil para os alunos e R$ 3 mil para os orientadores. J\u00e1 o terceiro colocado receber\u00e1 R$ 4 mil para os alunos e R$ 2 mil para os orientadores.<\/p>\n\n\n\n<p class=\"wp-block-paragraph\">O quarto lugar ter\u00e1 uma premia\u00e7\u00e3o de R$ 2 mil para os alunos e R$ 1,4 mil para os orientadores, enquanto o quinto colocado receber\u00e1 R$ 1,6 mil para os alunos e R$ 1 mil para os orientadores.<\/p>\n\n\n\n<p class=\"wp-block-paragraph\">Mais do que reconhecer os melhores projetos, o Concurso Desenvolve Rio Verde busca aproximar o conhecimento produzido nas universidades das necessidades da comunidade, incentivando os estudantes a participarem ativamente da constru\u00e7\u00e3o de solu\u00e7\u00f5es para o munic\u00edpio.<\/p>\n\n\n\n<p class=\"wp-block-paragraph\"><strong>A Feira<\/strong><\/p>\n\n\n\n<p class=\"wp-block-paragraph\">Al\u00e9m da premia\u00e7\u00e3o, a Sudoexpo re\u00fane neg\u00f3cios, inova\u00e7\u00e3o, entretenimento e cultura em um \u00fanico espa\u00e7o. Considerada uma das maiores feiras multissetoriais do Centro-Oeste, a programa\u00e7\u00e3o promove conex\u00f5es entre empresas, profissionais, institui\u00e7\u00f5es de ensino e comunidade, fortalecendo o desenvolvimento econ\u00f4mico e social da regi\u00e3o.<\/p>\n\n\n\n<p class=\"wp-block-paragraph\">Servi\u00e7o:<\/p>\n\n\n\n<p class=\"wp-block-paragraph\"><strong>Sudoexpo 2026<\/strong><\/p>\n\n\n\n<p class=\"wp-block-paragraph\">Premia\u00e7\u00e3o: 4\u00ba Concurso Desenvolve Rio Verde<\/p>\n\n\n\n<p class=\"wp-block-paragraph\">Data: 10 de setembro de 2026<\/p>\n\n\n\n<p class=\"wp-block-paragraph\">Hor\u00e1rio: 18h<\/p>\n\n\n\n<p class=\"wp-block-paragraph\">Local: Sala do Teatro Lauro Martins \u2013 Rio Verde (GO)<\/p>\n\n\n\n<p class=\"wp-block-paragraph\">Realiza\u00e7\u00e3o: CODERV \u2013 Conselho de Desenvolvimento Econ\u00f4mico de Rio Verde<\/p>\n\n\n\n<p class=\"wp-block-paragraph\">Contatos para Imprensa:<\/p>\n\n\n\n<p class=\"wp-block-paragraph\">Wenya Alecrim \u2013 (64) 9 8152-6063<\/p>","protected":false},"excerpt":{"rendered":"<p>A Sudoexpo 2026 ser\u00e1 palco da premia\u00e7\u00e3o do 4\u00ba Concurso Desenvolve Rio Verde, iniciativa do Conselho de Desenvolvimento Econ\u00f4mico de Rio Verde (CODERV) que reconhece projetos pr\u00e1ticos voltados ao desenvolvimento comunit\u00e1rio e \u00e0 melhoria da cidade. A cerim\u00f4nia ser\u00e1 realizada no dia 10 de setembro, \u00e0s 18h, na sala do Teatro Lauro Martins, durante a [&hellip;]<\/p>\n","protected":false},"author":2,"featured_media":0,"comment_status":"open","ping_status":"open","sticky":false,"template":"","format":"standard","meta":{"om_disable_all_campaigns":false,"_monsterinsights_skip_tracking":false,"footnotes":""},"categories":[24,3],"tags":[],"class_list":["post-3503","post","type-post","status-publish","format-standard","hentry","category-business","category-cidade"],"amp_enabled":true,"_links":{"self":[{"href":"https:\/\/jornalfc.com\/pt\/wp-json\/wp\/v2\/posts\/3503","targetHints":{"allow":["GET"]}}],"collection":[{"href":"https:\/\/jornalfc.com\/pt\/wp-json\/wp\/v2\/posts"}],"about":[{"href":"https:\/\/jornalfc.com\/pt\/wp-json\/wp\/v2\/types\/post"}],"author":[{"embeddable":true,"href":"https:\/\/jornalfc.com\/pt\/wp-json\/wp\/v2\/users\/2"}],"replies":[{"embeddable":true,"href":"https:\/\/jornalfc.com\/pt\/wp-json\/wp\/v2\/comments?post=3503"}],"version-history":[{"count":1,"href":"https:\/\/jornalfc.com\/pt\/wp-json\/wp\/v2\/posts\/3503\/revisions"}],"predecessor-version":[{"id":3505,"href":"https:\/\/jornalfc.com\/pt\/wp-json\/wp\/v2\/posts\/3503\/revisions\/3505"}],"wp:attachment":[{"href":"https:\/\/jornalfc.com\/pt\/wp-json\/wp\/v2\/media?parent=3503"}],"wp:term":[{"taxonomy":"category","embeddable":true,"href":"https:\/\/jornalfc.com\/pt\/wp-json\/wp\/v2\/categories?post=3503"},{"taxonomy":"post_tag","embeddable":true,"href":"https:\/\/jornalfc.com\/pt\/wp-json\/wp\/v2\/tags?post=3503"}],"curies":[{"name":"wp","href":"https:\/\/api.w.org\/{rel}","templated":true}]}}