{"id":3492,"date":"2026-09-02T17:49:05","date_gmt":"2026-09-02T17:49:05","guid":{"rendered":"https:\/\/jornalfc.com\/?p=3492"},"modified":"2026-09-02T18:01:06","modified_gmt":"2026-09-02T18:01:06","slug":"no-apagar-das-luzes-rio-verde-vence-trindade-e-retoma-lideranca-da-divisao-de-acesso","status":"publish","type":"post","link":"https:\/\/jornalfc.com\/pt\/2026\/09\/02\/no-apagar-das-luzes-rio-verde-vence-trindade-e-retoma-lideranca-da-divisao-de-acesso\/","title":{"rendered":"NO APAGAR DAS LUZES, RIO VERDE VENCE TRINDADE E RETOMA LIDERAN\u00c7A DA DIVIS\u00c3O DE ACESSO"},"content":{"rendered":"<p class=\"wp-block-paragraph\">Iury Tanque marca de puxeta aos 47 minutos do segundo tempo, garante vit\u00f3ria por 1 a 0 no Velos\u00e3o e coloca o Verd\u00e3o do Sudoeste novamente na ponta da competi\u00e7\u00e3o<\/p>\n\n\n\n<figure class=\"wp-block-image size-large\"><img fetchpriority=\"high\" decoding=\"async\" width=\"1024\" height=\"683\" src=\"https:\/\/jornalfc.com\/wp-content\/uploads\/2026\/09\/IMG_3066-1024x683.jpg\" alt=\"\" class=\"wp-image-3493\" srcset=\"https:\/\/jornalfc.com\/wp-content\/uploads\/2026\/09\/IMG_3066-1024x683.jpg 1024w, https:\/\/jornalfc.com\/wp-content\/uploads\/2026\/09\/IMG_3066-300x200.jpg 300w, https:\/\/jornalfc.com\/wp-content\/uploads\/2026\/09\/IMG_3066-768x512.jpg 768w, https:\/\/jornalfc.com\/wp-content\/uploads\/2026\/09\/IMG_3066-1536x1024.jpg 1536w, https:\/\/jornalfc.com\/wp-content\/uploads\/2026\/09\/IMG_3066-18x12.jpg 18w, https:\/\/jornalfc.com\/wp-content\/uploads\/2026\/09\/IMG_3066-2048x1365.jpg 2048w\" sizes=\"(max-width: 1024px) 100vw, 1024px\" \/><\/figure>\n\n\n\n<p class=\"wp-block-paragraph\">Foi com emo\u00e7\u00e3o at\u00e9 os \u00faltimos minutos. O Esporte Clube Rio Verde reencontrou o caminho das vit\u00f3rias na noite desta ter\u00e7a-feira, 1\u00ba de setembro, ao derrotar o Trindade por 1 a 0, no Est\u00e1dio Mozart Veloso do Carmo. O confronto encerrou a nona rodada do Campeonato Goiano da Divis\u00e3o de Acesso e devolveu ao Verd\u00e3o do Sudoeste a lideran\u00e7a da competi\u00e7\u00e3o.<\/p>\n\n\n\n<p class=\"wp-block-paragraph\">Depois das derrotas para Morrinhos, em casa, e Goi\u00e2nia, fora, o Rio Verde entrou em campo pressionado pela necessidade de reagir. Diante de sua torcida, a equipe comandada pelo t\u00e9cnico Ito Roque tomou a iniciativa e buscou o gol desde os primeiros minutos.<\/p>\n\n\n\n<p class=\"wp-block-paragraph\">Apesar do dom\u00ednio rio-verdense, o Trindade montou uma forte marca\u00e7\u00e3o e dificultou a cria\u00e7\u00e3o ofensiva dos donos da casa. O goleiro Vin\u00edcius tamb\u00e9m apareceu em momentos importantes e ajudou a segurar o placar. O Rio Verde chegou muito perto de abrir o marcador ainda no primeiro tempo, quando Gregory acertou o travess\u00e3o.<\/p>\n\n\n\n<p class=\"wp-block-paragraph\">Na etapa final, o cen\u00e1rio permaneceu praticamente o mesmo. O Verd\u00e3o aumentou a press\u00e3o, ocupou o campo advers\u00e1rio e voltou a carimbar o travess\u00e3o, desta vez com Rael. O tempo passava e o empate sem gols come\u00e7ava a preocupar o torcedor no Velos\u00e3o.<\/p>\n\n\n\n<p class=\"wp-block-paragraph\"><strong>Mas o Rio Verde n\u00e3o desistiu.<\/strong><\/p>\n\n\n\n<figure class=\"wp-block-video\"><video height=\"1920\" style=\"aspect-ratio: 1080 \/ 1920;\" width=\"1080\" controls src=\"https:\/\/jornalfc.com\/wp-content\/uploads\/2026\/09\/IMG_1888.mp4\"><\/video><\/figure>\n\n\n\n<p class=\"wp-block-paragraph\">Quando o rel\u00f3gio marcava 47 minutos do segundo tempo, j\u00e1 nos acr\u00e9scimos, surgiu o lance que decidiu a partida. Depois de cruzamento para a \u00e1rea, a bola sobrou para Iury Tanque. O atacante mostrou oportunismo e categoria para finalizar de puxeta e mandar para o fundo das redes: Rio Verde 1 a 0.<\/p>\n\n\n\n<p class=\"wp-block-paragraph\">O gol provocou uma explos\u00e3o de alegria no Est\u00e1dio Mozart Veloso do Carmo e premiou a insist\u00eancia do Verd\u00e3o, que buscou a vit\u00f3ria durante praticamente todo o confronto.<\/p>\n\n\n\n<p class=\"wp-block-paragraph\"><strong>DE VOLTA AO TOPO<\/strong><\/p>\n\n\n\n<p class=\"wp-block-paragraph\">Mais do que encerrar uma sequ\u00eancia negativa, os tr\u00eas pontos tiveram peso importante na classifica\u00e7\u00e3o. O Rio Verde chegou aos 19 pontos e aproveitou os trope\u00e7os dos concorrentes diretos para reassumir a lideran\u00e7a da Divis\u00e3o de Acesso.<\/p>\n\n\n\n<p class=\"wp-block-paragraph\">A vit\u00f3ria tamb\u00e9m d\u00e1 novo \u00e2nimo ao elenco para a sequ\u00eancia decisiva da competi\u00e7\u00e3o. Depois de um in\u00edcio forte e de passar por duas rodadas de instabilidade, o Verd\u00e3o mostrou poder de rea\u00e7\u00e3o justamente em uma partida na qual precisava dar uma resposta ao seu torcedor.<\/p>\n\n\n\n<p class=\"wp-block-paragraph\">E a resposta veio da maneira mais emocionante poss\u00edvel: aos 47 minutos do segundo tempo e pelos p\u00e9s \u2014 ou melhor, pela puxeta \u2014 de Iury Tanque.<\/p>\n\n\n\n<p class=\"wp-block-paragraph\">Agora, o Rio Verde volta suas aten\u00e7\u00f5es para mais um compromisso diante de sua torcida. Na pr\u00f3xima rodada, o Verd\u00e3o recebe o Mineiros, s\u00e1bado (5), no Est\u00e1dio Mozart Veloso do Carmo, em mais um confronto importante na luta pelo acesso \u00e0 elite do futebol goiano.<\/p>","protected":false},"excerpt":{"rendered":"<p>Iury Tanque marca de puxeta aos 47 minutos do segundo tempo, garante vit\u00f3ria por 1 a 0 no Velos\u00e3o e coloca o Verd\u00e3o do Sudoeste novamente na ponta da competi\u00e7\u00e3o Foi com emo\u00e7\u00e3o at\u00e9 os \u00faltimos minutos. O Esporte Clube Rio Verde reencontrou o caminho das vit\u00f3rias na noite desta ter\u00e7a-feira, 1\u00ba de setembro, ao [&hellip;]<\/p>\n","protected":false},"author":2,"featured_media":0,"comment_status":"open","ping_status":"open","sticky":false,"template":"","format":"standard","meta":{"om_disable_all_campaigns":false,"_monsterinsights_skip_tracking":false,"footnotes":""},"categories":[195],"tags":[],"class_list":["post-3492","post","type-post","status-publish","format-standard","hentry","category-esporte"],"amp_enabled":true,"_links":{"self":[{"href":"https:\/\/jornalfc.com\/pt\/wp-json\/wp\/v2\/posts\/3492","targetHints":{"allow":["GET"]}}],"collection":[{"href":"https:\/\/jornalfc.com\/pt\/wp-json\/wp\/v2\/posts"}],"about":[{"href":"https:\/\/jornalfc.com\/pt\/wp-json\/wp\/v2\/types\/post"}],"author":[{"embeddable":true,"href":"https:\/\/jornalfc.com\/pt\/wp-json\/wp\/v2\/users\/2"}],"replies":[{"embeddable":true,"href":"https:\/\/jornalfc.com\/pt\/wp-json\/wp\/v2\/comments?post=3492"}],"version-history":[{"count":2,"href":"https:\/\/jornalfc.com\/pt\/wp-json\/wp\/v2\/posts\/3492\/revisions"}],"predecessor-version":[{"id":3497,"href":"https:\/\/jornalfc.com\/pt\/wp-json\/wp\/v2\/posts\/3492\/revisions\/3497"}],"wp:attachment":[{"href":"https:\/\/jornalfc.com\/pt\/wp-json\/wp\/v2\/media?parent=3492"}],"wp:term":[{"taxonomy":"category","embeddable":true,"href":"https:\/\/jornalfc.com\/pt\/wp-json\/wp\/v2\/categories?post=3492"},{"taxonomy":"post_tag","embeddable":true,"href":"https:\/\/jornalfc.com\/pt\/wp-json\/wp\/v2\/tags?post=3492"}],"curies":[{"name":"wp","href":"https:\/\/api.w.org\/{rel}","templated":true}]}}