{"id":3481,"date":"2026-09-01T16:30:20","date_gmt":"2026-09-01T16:30:20","guid":{"rendered":"https:\/\/jornalfc.com\/?p=3481"},"modified":"2026-09-01T16:30:20","modified_gmt":"2026-09-01T16:30:20","slug":"equatorial-goias-apresenta-plano-super-el-nino-com-acoes-para-reforcar-operacao-durante-periodo-de-altas-temperaturas","status":"publish","type":"post","link":"https:\/\/jornalfc.com\/pt\/2026\/09\/01\/equatorial-goias-apresenta-plano-super-el-nino-com-acoes-para-reforcar-operacao-durante-periodo-de-altas-temperaturas\/","title":{"rendered":"Equatorial Goi\u00e1s apresenta Plano Super El Ni\u00f1o com a\u00e7\u00f5es para refor\u00e7ar opera\u00e7\u00e3o durante per\u00edodo de altas temperaturas"},"content":{"rendered":"<p class=\"wp-block-paragraph\">Plano re\u00fane medidas de preven\u00e7\u00e3o, manuten\u00e7\u00e3o, refor\u00e7o das equipes e monitoramento da rede para ampliar a capacidade de resposta da companhia nos per\u00edodos de maior demanda por energia<\/p>\n\n\n\n<figure class=\"wp-block-image size-large\"><img fetchpriority=\"high\" decoding=\"async\" width=\"1024\" height=\"768\" src=\"https:\/\/jornalfc.com\/wp-content\/uploads\/2026\/09\/WhatsApp-Image-2026-09-01-at-08.15.30-1024x768.jpeg\" alt=\"\" class=\"wp-image-3482\" srcset=\"https:\/\/jornalfc.com\/wp-content\/uploads\/2026\/09\/WhatsApp-Image-2026-09-01-at-08.15.30-1024x768.jpeg 1024w, https:\/\/jornalfc.com\/wp-content\/uploads\/2026\/09\/WhatsApp-Image-2026-09-01-at-08.15.30-300x225.jpeg 300w, https:\/\/jornalfc.com\/wp-content\/uploads\/2026\/09\/WhatsApp-Image-2026-09-01-at-08.15.30-16x12.jpeg 16w, https:\/\/jornalfc.com\/wp-content\/uploads\/2026\/09\/WhatsApp-Image-2026-09-01-at-08.15.30-768x576.jpeg 768w, https:\/\/jornalfc.com\/wp-content\/uploads\/2026\/09\/WhatsApp-Image-2026-09-01-at-08.15.30.jpeg 1280w\" sizes=\"(max-width: 1024px) 100vw, 1024px\" \/><\/figure>\n\n\n\n<p class=\"wp-block-paragraph\">Goi\u00e2nia, 1\u00b0 de setembro de 2026 &#8211; A Equatorial Goi\u00e1s intensificou, desde o in\u00edcio do ano, as a\u00e7\u00f5es de prepara\u00e7\u00e3o da opera\u00e7\u00e3o para o per\u00edodo de altas temperaturas e maior demanda por energia em Goi\u00e1s. A companhia estruturou o Plano Super El Ni\u00f1o, conjunto de medidas voltadas a aumentar a confiabilidade da rede, refor\u00e7ar a capacidade operacional e garantir maior agilidade na resposta a ocorr\u00eancias durante per\u00edodos de condi\u00e7\u00f5es clim\u00e1ticas adversas.<\/p>\n\n\n\n<p class=\"wp-block-paragraph\">O plano completo ser\u00e1 apresentado pela companhia no dia 1\u00ba de setembro e re\u00fane a\u00e7\u00f5es que envolvem planejamento da demanda, manuten\u00e7\u00e3o preventiva, mobiliza\u00e7\u00e3o de recursos, treinamento das equipes e integra\u00e7\u00e3o entre as diferentes \u00e1reas da opera\u00e7\u00e3o para garantir uma resposta mais r\u00e1pida.<\/p>\n\n\n\n<p class=\"wp-block-paragraph\">O planejamento considera a possibilidade de aumento da demanda m\u00e1xima de energia, com an\u00e1lise antecipada do comportamento do sistema e identifica\u00e7\u00e3o de pontos cr\u00edticos da rede. A partir desse diagn\u00f3stico, a empresa vem realizando manuten\u00e7\u00f5es preventivas e antecipando interven\u00e7\u00f5es necess\u00e1rias para ampliar a disponibilidade e a confiabilidade dos equipamentos.<\/p>\n\n\n\n<p class=\"wp-block-paragraph\">Outro eixo do plano \u00e9 o refor\u00e7o da estrutura de resposta a emerg\u00eancias. Equipes adicionais das regionais est\u00e3o sendo treinadas para atuar em apoio ao Centro de Opera\u00e7\u00f5es Integradas (COI) da Equatorial Goi\u00e1s durante eventos cr\u00edticos, ampliando a capacidade de atendimento e restabelecimento do fornecimento. \u201cEssa integra\u00e7\u00e3o entre COI, regionais e demais \u00e1reas da companhia \u00e9 estrat\u00e9gica. O objetivo \u00e9 garantir que as informa\u00e7\u00f5es circulem de forma r\u00e1pida e que as decis\u00f5es sejam tomadas de maneira coordenada, permitindo uma atua\u00e7\u00e3o mais eficiente diante de ocorr\u00eancias\u201d explica o coordenador do COI, Vinicyus Lima.<\/p>\n\n\n\n<p class=\"wp-block-paragraph\">Vinicyus explica que o trabalho come\u00e7a muito antes de um evento clim\u00e1tico acontecer. \u201cA prepara\u00e7\u00e3o antecipada nos permite conhecer os pontos mais cr\u00edticos, organizar recursos, preparar as equipes e aumentar nossa capacidade de resposta. \u00c9 uma atua\u00e7\u00e3o baseada em preven\u00e7\u00e3o e antecipa\u00e7\u00e3o para que possamos enfrentar per\u00edodos mais severos com a estrutura necess\u00e1ria\u201d, destaca.<\/p>\n\n\n\n<p class=\"wp-block-paragraph\">O plano tamb\u00e9m prev\u00ea a atua\u00e7\u00e3o do Comit\u00ea de Crise Estadual, com integra\u00e7\u00e3o junto ao poder p\u00fablico e a outras institui\u00e7\u00f5es. A proposta \u00e9 unir esfor\u00e7os para preven\u00e7\u00e3o, resposta e mitiga\u00e7\u00e3o dos impactos de eventos que possam afetar o fornecimento de energia no Estado.<\/p>\n\n\n\n<p class=\"wp-block-paragraph\"><strong>Acompanhamento permanente<\/strong><\/p>\n\n\n\n<p class=\"wp-block-paragraph\">O monitoramento cont\u00ednuo das condi\u00e7\u00f5es clim\u00e1ticas, da carga do sistema e dos principais equipamentos da rede complementa a estrat\u00e9gia. Acompanhadas em tempo real, essas informa\u00e7\u00f5es permitem identificar cen\u00e1rios de risco e adotar medidas preventivas antes que uma ocorr\u00eancia se concretize.<\/p>\n\n\n\n<p class=\"wp-block-paragraph\">A prepara\u00e7\u00e3o tamb\u00e9m considera o per\u00edodo chuvoso, quando tempestades, ventos fortes e descargas atmosf\u00e9ricas podem aumentar a ocorr\u00eancia de eventos sobre a rede el\u00e9trica. Por isso, a estrat\u00e9gia combina planejamento, tecnologia, equipes preparadas e monitoramento permanente.&nbsp;<\/p>\n\n\n\n<p class=\"wp-block-paragraph\">Entre os recursos utilizados est\u00e3o sistemas de automa\u00e7\u00e3o, que permitem comunica\u00e7\u00e3o constante com os equipamentos da rede e maior agilidade na identifica\u00e7\u00e3o e no tratamento de ocorr\u00eancias; monitoramento por sat\u00e9lite, que possibilita acompanhar a forma\u00e7\u00e3o e a movimenta\u00e7\u00e3o de eventos meteorol\u00f3gicos e focos de calor; e ferramentas de monitoramento em tempo real, que apoiam a tomada de decis\u00e3o e o direcionamento das equipes para as \u00e1reas que demandam maior aten\u00e7\u00e3o.<\/p>\n\n\n\n<p class=\"wp-block-paragraph\">Com o Plano Super El Ni\u00f1o, a Equatorial Goi\u00e1s busca estar preparada antes que os eventos aconte\u00e7am, ampliando sua capacidade de antecipa\u00e7\u00e3o, resposta e restabelecimento e contribuindo para maior seguran\u00e7a e continuidade do fornecimento de energia para os consumidores goianos.<\/p>\n\n\n\n<p class=\"wp-block-paragraph\"><strong>Plano Super El Ni\u00f1o &#8211; principais frentes<\/strong><\/p>\n\n\n\n<p class=\"wp-block-paragraph\">&#8211; Planejamento para a demanda m\u00e1xima e identifica\u00e7\u00e3o de pontos cr\u00edticos;<\/p>\n\n\n\n<p class=\"wp-block-paragraph\">&#8211; Manuten\u00e7\u00f5es preventivas e antecipa\u00e7\u00e3o de interven\u00e7\u00f5es;<\/p>\n\n\n\n<p class=\"wp-block-paragraph\">&#8211; Disponibiliza\u00e7\u00e3o de recursos adicionais para situa\u00e7\u00f5es emergenciais;<\/p>\n\n\n\n<p class=\"wp-block-paragraph\">&#8211; Treinamento e refor\u00e7o das equipes operacionais;<\/p>\n\n\n\n<p class=\"wp-block-paragraph\">&#8211; Integra\u00e7\u00e3o entre COI Goi\u00e1s, COI X, Regionais e demais \u00e1reas;<\/p>\n\n\n\n<p class=\"wp-block-paragraph\">&#8211; Atua\u00e7\u00e3o do Comit\u00ea de Crise Estadual junto ao poder p\u00fablico e institui\u00e7\u00f5es parceiras;<\/p>\n\n\n\n<p class=\"wp-block-paragraph\">&#8211; Monitoramento cont\u00ednuo das condi\u00e7\u00f5es clim\u00e1ticas, da carga e dos equipamentos da rede.<\/p>\n\n\n\n<p class=\"wp-block-paragraph\"><strong>Sobre a Equatorial Goi\u00e1s<\/strong><\/p>\n\n\n\n<p class=\"wp-block-paragraph\">A Equatorial Goi\u00e1s \u00e9 uma empresa que pertence ao Grupo Equatorial, uma holding brasileira do setor de servi\u00e7os p\u00fablicos, sendo o 3\u00ba maior grupo de distribui\u00e7\u00e3o de energia do Pa\u00eds, com 7 concession\u00e1rias que atendem mais de 56 milh\u00f5es de pessoas. Somente em Goi\u00e1s s\u00e3o cerca de 3,8 milh\u00f5es de unidades consumidoras, localizadas em 237 munic\u00edpios do Estado e abrangendo 98,7% do territ\u00f3rio estadual, com cobertura de uma \u00e1rea de 336.871 km\u00b2.<\/p>","protected":false},"excerpt":{"rendered":"<p>Plano re\u00fane medidas de preven\u00e7\u00e3o, manuten\u00e7\u00e3o, refor\u00e7o das equipes e monitoramento da rede para ampliar a capacidade de resposta da companhia nos per\u00edodos de maior demanda por energia Goi\u00e2nia, 1\u00b0 de setembro de 2026 &#8211; A Equatorial Goi\u00e1s intensificou, desde o in\u00edcio do ano, as a\u00e7\u00f5es de prepara\u00e7\u00e3o da opera\u00e7\u00e3o para o per\u00edodo de altas [&hellip;]<\/p>\n","protected":false},"author":1,"featured_media":0,"comment_status":"open","ping_status":"open","sticky":false,"template":"","format":"standard","meta":{"om_disable_all_campaigns":false,"_monsterinsights_skip_tracking":false,"footnotes":""},"categories":[22],"tags":[],"class_list":["post-3481","post","type-post","status-publish","format-standard","hentry","category-economia"],"amp_enabled":true,"_links":{"self":[{"href":"https:\/\/jornalfc.com\/pt\/wp-json\/wp\/v2\/posts\/3481","targetHints":{"allow":["GET"]}}],"collection":[{"href":"https:\/\/jornalfc.com\/pt\/wp-json\/wp\/v2\/posts"}],"about":[{"href":"https:\/\/jornalfc.com\/pt\/wp-json\/wp\/v2\/types\/post"}],"author":[{"embeddable":true,"href":"https:\/\/jornalfc.com\/pt\/wp-json\/wp\/v2\/users\/1"}],"replies":[{"embeddable":true,"href":"https:\/\/jornalfc.com\/pt\/wp-json\/wp\/v2\/comments?post=3481"}],"version-history":[{"count":1,"href":"https:\/\/jornalfc.com\/pt\/wp-json\/wp\/v2\/posts\/3481\/revisions"}],"predecessor-version":[{"id":3483,"href":"https:\/\/jornalfc.com\/pt\/wp-json\/wp\/v2\/posts\/3481\/revisions\/3483"}],"wp:attachment":[{"href":"https:\/\/jornalfc.com\/pt\/wp-json\/wp\/v2\/media?parent=3481"}],"wp:term":[{"taxonomy":"category","embeddable":true,"href":"https:\/\/jornalfc.com\/pt\/wp-json\/wp\/v2\/categories?post=3481"},{"taxonomy":"post_tag","embeddable":true,"href":"https:\/\/jornalfc.com\/pt\/wp-json\/wp\/v2\/tags?post=3481"}],"curies":[{"name":"wp","href":"https:\/\/api.w.org\/{rel}","templated":true}]}}