{"id":3477,"date":"2026-09-01T13:02:17","date_gmt":"2026-09-01T13:02:17","guid":{"rendered":"https:\/\/jornalfc.com\/?p=3477"},"modified":"2026-09-01T13:02:17","modified_gmt":"2026-09-01T13:02:17","slug":"encontros-vao-orientar-mulheres-empreendedoras-sobre-edital-do-programa-eleve","status":"publish","type":"post","link":"https:\/\/jornalfc.com\/pt\/2026\/09\/01\/encontros-vao-orientar-mulheres-empreendedoras-sobre-edital-do-programa-eleve\/","title":{"rendered":"Encontros v\u00e3o orientar mulheres empreendedoras sobre edital do programa Eleve"},"content":{"rendered":"<p class=\"wp-block-paragraph\">Eventos gratuitos ocorrem dias 2 e 3 de setembro em Goi\u00e2nia e Rio Verde, respectivamente. Iniciativa visa selecionar 20 neg\u00f3cios inovadores liderados por mulheres, com R$ 170 mil em premia\u00e7\u00f5es<\/p>\n\n\n\n<figure class=\"wp-block-image size-large\"><img fetchpriority=\"high\" decoding=\"async\" width=\"1024\" height=\"678\" src=\"https:\/\/jornalfc.com\/wp-content\/uploads\/2026\/09\/WhatsApp-Image-2026-09-01-at-09.53.54-1-1024x678.jpeg\" alt=\"\" class=\"wp-image-3478\" srcset=\"https:\/\/jornalfc.com\/wp-content\/uploads\/2026\/09\/WhatsApp-Image-2026-09-01-at-09.53.54-1-1024x678.jpeg 1024w, https:\/\/jornalfc.com\/wp-content\/uploads\/2026\/09\/WhatsApp-Image-2026-09-01-at-09.53.54-1-300x199.jpeg 300w, https:\/\/jornalfc.com\/wp-content\/uploads\/2026\/09\/WhatsApp-Image-2026-09-01-at-09.53.54-1-767x508.jpeg 767w, https:\/\/jornalfc.com\/wp-content\/uploads\/2026\/09\/WhatsApp-Image-2026-09-01-at-09.53.54-1-18x12.jpeg 18w, https:\/\/jornalfc.com\/wp-content\/uploads\/2026\/09\/WhatsApp-Image-2026-09-01-at-09.53.54-1-1536x1018.jpeg 1536w, https:\/\/jornalfc.com\/wp-content\/uploads\/2026\/09\/WhatsApp-Image-2026-09-01-at-09.53.54-1.jpeg 1600w\" sizes=\"(max-width: 1024px) 100vw, 1024px\" \/><\/figure>\n\n\n\n<p class=\"wp-block-paragraph\">O Governo de Goi\u00e1s, por meio da Secretaria de Estado da Ci\u00eancia, Tecnologia e Inova\u00e7\u00e3o (Secti) e do Hub Goi\u00e1s, realiza nos dias 2 e 3 de setembro encontros presenciais e gratuitos para apresentar o edital e esclarecer d\u00favidas sobre a segunda edi\u00e7\u00e3o do Eleve, programa que apoia o desenvolvimento de startups, ideias e projetos inovadores liderados por mulheres. As atividades ser\u00e3o realizadas \u00e0s 19h, no Hub Goi\u00e1s, em Goi\u00e2nia, e na unidade de Rio Verde, respectivamente. As inscri\u00e7\u00f5es para o programa foram prorrogadas at\u00e9 8 de setembro.<\/p>\n\n\n\n<p class=\"wp-block-paragraph\">Durante os encontros, as participantes poder\u00e3o conhecer os crit\u00e9rios de sele\u00e7\u00e3o, as etapas do programa e as caracter\u00edsticas das duas trilhas de desenvolvimento oferecidas. A programa\u00e7\u00e3o tamb\u00e9m inclui orienta\u00e7\u00f5es pr\u00e1ticas para a estrutura\u00e7\u00e3o das propostas, contato com as madrinhas do programa e oportunidades de conex\u00e3o com outras mulheres empreendedoras.&nbsp;<\/p>\n\n\n\n<p class=\"wp-block-paragraph\">O edital selecionar\u00e1 at\u00e9 20 startups, ideias ou projetos inovadores goianos liderados por mulheres ou que tenham pelo menos 50% de participa\u00e7\u00e3o feminina no quadro societ\u00e1rio, exercendo fun\u00e7\u00e3o executiva ou gerencial. Ser\u00e3o disponibilizadas dez vagas para cada uma das duas trilhas do programa: Idea\u00e7\u00e3o e Opera\u00e7\u00e3o.&nbsp;<\/p>\n\n\n\n<figure class=\"wp-block-image size-large\"><img decoding=\"async\" width=\"1024\" height=\"678\" src=\"https:\/\/jornalfc.com\/wp-content\/uploads\/2026\/09\/WhatsApp-Image-2026-09-01-at-09.53.54-1024x678.jpeg\" alt=\"\" class=\"wp-image-3479\" srcset=\"https:\/\/jornalfc.com\/wp-content\/uploads\/2026\/09\/WhatsApp-Image-2026-09-01-at-09.53.54-1024x678.jpeg 1024w, https:\/\/jornalfc.com\/wp-content\/uploads\/2026\/09\/WhatsApp-Image-2026-09-01-at-09.53.54-768x508.jpeg 768w, https:\/\/jornalfc.com\/wp-content\/uploads\/2026\/09\/WhatsApp-Image-2026-09-01-at-09.53.54-300x198.jpeg 300w, https:\/\/jornalfc.com\/wp-content\/uploads\/2026\/09\/WhatsApp-Image-2026-09-01-at-09.53.54-18x12.jpeg 18w, https:\/\/jornalfc.com\/wp-content\/uploads\/2026\/09\/WhatsApp-Image-2026-09-01-at-09.53.54-1536x1017.jpeg 1536w, https:\/\/jornalfc.com\/wp-content\/uploads\/2026\/09\/WhatsApp-Image-2026-09-01-at-09.53.54.jpeg 1600w\" sizes=\"(max-width: 1024px) 100vw, 1024px\" \/><\/figure>\n\n\n\n<p class=\"wp-block-paragraph\">A Trilha Idea\u00e7\u00e3o \u00e9 destinada a projetos que se encontram na fase de identifica\u00e7\u00e3o de oportunidades e desenvolvimento do conceito inicial de um produto ou servi\u00e7o. J\u00e1 a Trilha Opera\u00e7\u00e3o contempla empreendimentos inovadores com CNPJ ativo h\u00e1 at\u00e9 dez anos que precisam fortalecer a gest\u00e3o financeira e comercial, ampliar a gera\u00e7\u00e3o de receita e melhorar seu posicionamento no mercado.&nbsp;<\/p>\n\n\n\n<p class=\"wp-block-paragraph\">Al\u00e9m das atividades de capacita\u00e7\u00e3o e acompanhamento, o Eleve distribuir\u00e1 R$ 170 mil em premia\u00e7\u00f5es. Ao final da jornada os neg\u00f3cios apresentar\u00e3o suas solu\u00e7\u00f5es durante o Demoday. As cinco propostas mais bem avaliadas em cada trilha receber\u00e3o recursos financeiros para apoiar o desenvolvimento dos empreendimentos.&nbsp;<\/p>\n\n\n\n<p class=\"wp-block-paragraph\">O Eleve integra o Programa Goianas na Ci\u00eancia e Inova\u00e7\u00e3o, iniciativa do Governo de Goi\u00e1s voltada \u00e0 amplia\u00e7\u00e3o da participa\u00e7\u00e3o feminina nas \u00e1reas de ci\u00eancia, tecnologia, inova\u00e7\u00e3o e empreendedorismo. O programa \u00e9 executado pelo Hub Goi\u00e1s \u2013 Centro de Excel\u00eancia em Empreendedorismo Inovador, gerido pelo Porto Digital, com apoio e recursos da Secti.&nbsp;<\/p>\n\n\n\n<p class=\"wp-block-paragraph\"><strong>Servi\u00e7o<\/strong><\/p>\n\n\n\n<p class=\"wp-block-paragraph\">Encontro Eleve Goi\u00e2nia<\/p>\n\n\n\n<p class=\"wp-block-paragraph\">Data: 2 de setembro<\/p>\n\n\n\n<p class=\"wp-block-paragraph\">Hor\u00e1rio: 19h<\/p>\n\n\n\n<p class=\"wp-block-paragraph\">Local: Audit\u00f3rio do Hub Goi\u00e1s \u2013 Rua 261, n\u00ba 384, Setor Leste Universit\u00e1rio<\/p>\n\n\n\n<p class=\"wp-block-paragraph\">Participa\u00e7\u00e3o: gratuita, com vagas limitadas<\/p>\n\n\n\n<p class=\"wp-block-paragraph\">Inscri\u00e7\u00f5es para o encontro: <a href=\"https:\/\/abre.go.gov.br\/c567023\">https:\/\/abre.go.gov.br\/c567023<\/a><\/p>","protected":false},"excerpt":{"rendered":"<p>Eventos gratuitos ocorrem dias 2 e 3 de setembro em Goi\u00e2nia e Rio Verde, respectivamente. Iniciativa visa selecionar 20 neg\u00f3cios inovadores liderados por mulheres, com R$ 170 mil em premia\u00e7\u00f5es O Governo de Goi\u00e1s, por meio da Secretaria de Estado da Ci\u00eancia, Tecnologia e Inova\u00e7\u00e3o (Secti) e do Hub Goi\u00e1s, realiza nos dias 2 e [&hellip;]<\/p>\n","protected":false},"author":1,"featured_media":0,"comment_status":"open","ping_status":"open","sticky":false,"template":"","format":"standard","meta":{"om_disable_all_campaigns":false,"_monsterinsights_skip_tracking":false,"footnotes":""},"categories":[24,12],"tags":[],"class_list":["post-3477","post","type-post","status-publish","format-standard","hentry","category-business","category-educacao"],"amp_enabled":true,"_links":{"self":[{"href":"https:\/\/jornalfc.com\/pt\/wp-json\/wp\/v2\/posts\/3477","targetHints":{"allow":["GET"]}}],"collection":[{"href":"https:\/\/jornalfc.com\/pt\/wp-json\/wp\/v2\/posts"}],"about":[{"href":"https:\/\/jornalfc.com\/pt\/wp-json\/wp\/v2\/types\/post"}],"author":[{"embeddable":true,"href":"https:\/\/jornalfc.com\/pt\/wp-json\/wp\/v2\/users\/1"}],"replies":[{"embeddable":true,"href":"https:\/\/jornalfc.com\/pt\/wp-json\/wp\/v2\/comments?post=3477"}],"version-history":[{"count":1,"href":"https:\/\/jornalfc.com\/pt\/wp-json\/wp\/v2\/posts\/3477\/revisions"}],"predecessor-version":[{"id":3480,"href":"https:\/\/jornalfc.com\/pt\/wp-json\/wp\/v2\/posts\/3477\/revisions\/3480"}],"wp:attachment":[{"href":"https:\/\/jornalfc.com\/pt\/wp-json\/wp\/v2\/media?parent=3477"}],"wp:term":[{"taxonomy":"category","embeddable":true,"href":"https:\/\/jornalfc.com\/pt\/wp-json\/wp\/v2\/categories?post=3477"},{"taxonomy":"post_tag","embeddable":true,"href":"https:\/\/jornalfc.com\/pt\/wp-json\/wp\/v2\/tags?post=3477"}],"curies":[{"name":"wp","href":"https:\/\/api.w.org\/{rel}","templated":true}]}}