{"id":3469,"date":"2026-09-01T09:23:03","date_gmt":"2026-09-01T09:23:03","guid":{"rendered":"https:\/\/jornalfc.com\/?p=3469"},"modified":"2026-09-01T09:23:04","modified_gmt":"2026-09-01T09:23:04","slug":"rio-verde-recebe-o-trindade-em-jogo-decisivo-para-voltar-a-briga-pela-lideranca","status":"publish","type":"post","link":"https:\/\/jornalfc.com\/pt\/2026\/09\/01\/rio-verde-recebe-o-trindade-em-jogo-decisivo-para-voltar-a-briga-pela-lideranca\/","title":{"rendered":"RIO VERDE RECEBE O TRINDADE EM JOGO DECISIVO PARA VOLTAR \u00c0 BRIGA PELA LIDERAN\u00c7A"},"content":{"rendered":"<p class=\"wp-block-paragraph\">Verd\u00e3o do Sudoeste encerra o primeiro turno da Divis\u00e3o de Acesso nesta ter\u00e7a-feira, no Velos\u00e3o, pressionado pela necessidade de rea\u00e7\u00e3o ap\u00f3s trope\u00e7os nas \u00faltimas rodadas<\/p>\n\n\n\n<figure class=\"wp-block-image size-full\"><img fetchpriority=\"high\" decoding=\"async\" width=\"693\" height=\"392\" src=\"https:\/\/jornalfc.com\/wp-content\/uploads\/2026\/09\/Captura-de-tela-2026-08-02-193134.jpg\" alt=\"\" class=\"wp-image-3470\" srcset=\"https:\/\/jornalfc.com\/wp-content\/uploads\/2026\/09\/Captura-de-tela-2026-08-02-193134.jpg 693w, https:\/\/jornalfc.com\/wp-content\/uploads\/2026\/09\/Captura-de-tela-2026-08-02-193134-300x170.jpg 300w, https:\/\/jornalfc.com\/wp-content\/uploads\/2026\/09\/Captura-de-tela-2026-08-02-193134-18x10.jpg 18w\" sizes=\"(max-width: 693px) 100vw, 693px\" \/><\/figure>\n\n\n\n<p class=\"wp-block-paragraph\">O Esporte Clube Rio Verde entra em campo nesta ter\u00e7a-feira (1\u00ba), \u00e0s 19h30, para um confronto importante diante do Trindade, no Est\u00e1dio Mozart Veloso do Carmo. A partida encerra o primeiro turno do Campeonato Goiano da Divis\u00e3o de Acesso e representa para o Verd\u00e3o do Sudoeste a oportunidade de reagir e voltar com for\u00e7a \u00e0 disputa pelas primeiras posi\u00e7\u00f5es da competi\u00e7\u00e3o.<\/p>\n\n\n\n<p class=\"wp-block-paragraph\">Depois de um excelente in\u00edcio de campeonato, quando chegou a acumular cinco vit\u00f3rias e um empate e demonstrou for\u00e7a na briga pelo acesso, o Rio Verde perdeu rendimento nas \u00faltimas rodadas. Os resultados negativos acenderam o sinal de alerta e aumentaram a import\u00e2ncia do confronto desta ter\u00e7a-feira.<\/p>\n\n\n\n<p class=\"wp-block-paragraph\">Jogando diante de sua torcida, o Verd\u00e3o precisa recuperar a confian\u00e7a e, principalmente, reencontrar o futebol apresentado no in\u00edcio da Divis\u00e3o de Acesso. Uma vit\u00f3ria sobre o Trindade pode representar n\u00e3o apenas tr\u00eas pontos importantes na classifica\u00e7\u00e3o, mas tamb\u00e9m uma mudan\u00e7a de ambiente para a sequ\u00eancia do campeonato.<\/p>\n\n\n\n<p class=\"wp-block-paragraph\">Antes da partida, o t\u00e9cnico Ito Roque avaliou o momento vivido pelo Rio Verde e reconheceu a necessidade de corrigir os erros apresentados recentemente. O treinador destacou que a equipe precisa evoluir, principalmente no desempenho fora de casa, onde n\u00e3o conseguiu repetir a mesma consist\u00eancia demonstrada em seus melhores momentos na competi\u00e7\u00e3o.<\/p>\n\n\n\n<figure class=\"wp-block-audio\"><audio controls src=\"https:\/\/jornalfc.com\/wp-content\/uploads\/2026\/09\/ENTRVISTA-ITO-ROCHE-MP3.mp3\"><\/audio><\/figure>\n\n\n\n<p class=\"wp-block-paragraph\">No Velos\u00e3o, entretanto, a expectativa \u00e9 de uma postura diferente. O apoio da torcida pode novamente se transformar em um dos principais aliados do Verd\u00e3o do Sudoeste na busca pela recupera\u00e7\u00e3o.<\/p>\n\n\n\n<p class=\"wp-block-paragraph\">O confronto contra o Trindade ganha ainda mais import\u00e2ncia por marcar o fechamento da primeira metade da competi\u00e7\u00e3o. A partir da\u00ed, cada rodada passa a ter peso ainda maior na corrida pelo acesso \u00e0 elite do futebol goiano.<\/p>\n\n\n\n<p class=\"wp-block-paragraph\">Para o Rio Verde, portanto, a miss\u00e3o nesta ter\u00e7a-feira \u00e9 clara: corrigir os erros, recuperar a confian\u00e7a e transformar novamente o Mozart Veloso do Carmo em um fator decisivo.<\/p>\n\n\n\n<p class=\"wp-block-paragraph\"><strong>RIO VERDE X TRINDADE<\/strong><\/p>\n\n\n\n<p class=\"wp-block-paragraph\">Data: ter\u00e7a-feira, 1\u00ba de setembro<\/p>\n\n\n\n<p class=\"wp-block-paragraph\">Hor\u00e1rio: 19h30<\/p>\n\n\n\n<p class=\"wp-block-paragraph\">Local: Est\u00e1dio Mozart Veloso do Carmo<\/p>\n\n\n\n<p class=\"wp-block-paragraph\">Competi\u00e7\u00e3o: Campeonato Goiano \u2013 Divis\u00e3o de Acesso 2026<\/p>","protected":false},"excerpt":{"rendered":"<p>Verd\u00e3o do Sudoeste encerra o primeiro turno da Divis\u00e3o de Acesso nesta ter\u00e7a-feira, no Velos\u00e3o, pressionado pela necessidade de rea\u00e7\u00e3o ap\u00f3s trope\u00e7os nas \u00faltimas rodadas O Esporte Clube Rio Verde entra em campo nesta ter\u00e7a-feira (1\u00ba), \u00e0s 19h30, para um confronto importante diante do Trindade, no Est\u00e1dio Mozart Veloso do Carmo. A partida encerra o [&hellip;]<\/p>\n","protected":false},"author":1,"featured_media":0,"comment_status":"open","ping_status":"open","sticky":false,"template":"","format":"standard","meta":{"om_disable_all_campaigns":false,"_monsterinsights_skip_tracking":false,"footnotes":""},"categories":[195],"tags":[],"class_list":["post-3469","post","type-post","status-publish","format-standard","hentry","category-esporte"],"amp_enabled":true,"_links":{"self":[{"href":"https:\/\/jornalfc.com\/pt\/wp-json\/wp\/v2\/posts\/3469","targetHints":{"allow":["GET"]}}],"collection":[{"href":"https:\/\/jornalfc.com\/pt\/wp-json\/wp\/v2\/posts"}],"about":[{"href":"https:\/\/jornalfc.com\/pt\/wp-json\/wp\/v2\/types\/post"}],"author":[{"embeddable":true,"href":"https:\/\/jornalfc.com\/pt\/wp-json\/wp\/v2\/users\/1"}],"replies":[{"embeddable":true,"href":"https:\/\/jornalfc.com\/pt\/wp-json\/wp\/v2\/comments?post=3469"}],"version-history":[{"count":1,"href":"https:\/\/jornalfc.com\/pt\/wp-json\/wp\/v2\/posts\/3469\/revisions"}],"predecessor-version":[{"id":3472,"href":"https:\/\/jornalfc.com\/pt\/wp-json\/wp\/v2\/posts\/3469\/revisions\/3472"}],"wp:attachment":[{"href":"https:\/\/jornalfc.com\/pt\/wp-json\/wp\/v2\/media?parent=3469"}],"wp:term":[{"taxonomy":"category","embeddable":true,"href":"https:\/\/jornalfc.com\/pt\/wp-json\/wp\/v2\/categories?post=3469"},{"taxonomy":"post_tag","embeddable":true,"href":"https:\/\/jornalfc.com\/pt\/wp-json\/wp\/v2\/tags?post=3469"}],"curies":[{"name":"wp","href":"https:\/\/api.w.org\/{rel}","templated":true}]}}