{"id":3466,"date":"2026-08-31T18:36:17","date_gmt":"2026-08-31T18:36:17","guid":{"rendered":"https:\/\/jornalfc.com\/?p=3466"},"modified":"2026-08-31T18:36:17","modified_gmt":"2026-08-31T18:36:17","slug":"sabatinas-da-globo-expoem-forcas-e-fragilidades-dos-presidenciaveis","status":"publish","type":"post","link":"https:\/\/jornalfc.com\/pt\/2026\/08\/31\/sabatinas-da-globo-expoem-forcas-e-fragilidades-dos-presidenciaveis\/","title":{"rendered":"SABATINAS DA GLOBO EXP\u00d5EM FOR\u00c7AS E FRAGILIDADES DOS PRESIDENCI\u00c1VEIS"},"content":{"rendered":"<p class=\"wp-block-paragraph\">Entrevistas com Romeu Zema, Ronaldo Caiado, Renan Santos, Lula, Fl\u00e1vio Bolsonaro e Augusto Cury colocaram candidatos sob press\u00e3o e revelaram diferen\u00e7as de experi\u00eancia, comunica\u00e7\u00e3o e capacidade de detalhar propostas<\/p>\n\n\n\n<p class=\"wp-block-paragraph\">JC OLIVEIRA<\/p>\n\n\n\n<figure class=\"wp-block-image size-full\"><img fetchpriority=\"high\" decoding=\"async\" width=\"888\" height=\"500\" src=\"https:\/\/jornalfc.com\/wp-content\/uploads\/2026\/08\/PRESIDENCIAVEIS.jpg\" alt=\"\" class=\"wp-image-3467\" srcset=\"https:\/\/jornalfc.com\/wp-content\/uploads\/2026\/08\/PRESIDENCIAVEIS.jpg 888w, https:\/\/jornalfc.com\/wp-content\/uploads\/2026\/08\/PRESIDENCIAVEIS-300x169.jpg 300w, https:\/\/jornalfc.com\/wp-content\/uploads\/2026\/08\/PRESIDENCIAVEIS-18x10.jpg 18w, https:\/\/jornalfc.com\/wp-content\/uploads\/2026\/08\/PRESIDENCIAVEIS-767x432.jpg 767w\" sizes=\"(max-width: 888px) 100vw, 888px\" \/><\/figure>\n\n\n\n<p class=\"wp-block-paragraph\">A s\u00e9rie de entrevistas da Rede Globo com os principais candidatos \u00e0 Presid\u00eancia da Rep\u00fablica ofereceu ao eleitor uma oportunidade importante para observar os presidenci\u00e1veis fora do ambiente confort\u00e1vel dos palanques, propagandas eleitorais e redes sociais.<\/p>\n\n\n\n<p class=\"wp-block-paragraph\">Conduzidas pelos jornalistas Renata Vasconcellos e C\u00e9sar Tralli, as sabatinas reuniram os seis candidatos mais bem colocados na pesquisa Quaest de 14 de agosto: Romeu Zema (Novo), Ronaldo Caiado (PSD), Renan Santos (Miss\u00e3o), Luiz In\u00e1cio Lula da Silva (PT), Fl\u00e1vio Bolsonaro (PL) e Augusto Cury (Avante).<\/p>\n\n\n\n<p class=\"wp-block-paragraph\">O formato de perguntas incisivas procurou confrontar os candidatos com contradi\u00e7\u00f5es, declara\u00e7\u00f5es anteriores, resultados administrativos e propostas apresentadas durante a campanha.<\/p>\n\n\n\n<p class=\"wp-block-paragraph\"><strong>O resultado foi revelador.<\/strong><\/p>\n\n\n\n<p class=\"wp-block-paragraph\">Nenhum candidato atravessou a entrevista sem dificuldades. Alguns demonstraram maior experi\u00eancia administrativa; outros, melhor capacidade de comunica\u00e7\u00e3o. Houve ainda quem apostasse em propostas de grande impacto, mas encontrasse dificuldades quando solicitado a explicar como coloc\u00e1-las em pr\u00e1tica.<\/p>\n\n\n\n<p class=\"wp-block-paragraph\"><strong>ROMEU ZEMA: COER\u00caNCIA LIBERAL, MAS CONTRADI\u00c7\u00d5ES NA EXPERI\u00caNCIA ADMINISTRATIVA<\/strong><\/p>\n\n\n\n<p class=\"wp-block-paragraph\">Romeu Zema procurou refor\u00e7ar sua identidade como administrador e defensor de uma agenda econ\u00f4mica liberal, baseada na redu\u00e7\u00e3o do tamanho do Estado, privatiza\u00e7\u00f5es, responsabilidade fiscal e maior participa\u00e7\u00e3o da iniciativa privada.<\/p>\n\n\n\n<p class=\"wp-block-paragraph\">Sua experi\u00eancia \u00e0 frente de Minas Gerais serviu como principal credencial.<\/p>\n\n\n\n<p class=\"wp-block-paragraph\">Zema citou resultados fiscais de sua administra\u00e7\u00e3o, incluindo a passagem de um d\u00e9ficit or\u00e7ament\u00e1rio para super\u00e1vit. Entretanto, foi confrontado com o crescimento da d\u00edvida mineira durante seu per\u00edodo no governo.<\/p>\n\n\n\n<p class=\"wp-block-paragraph\">Tamb\u00e9m enfrentou dificuldades em algumas afirma\u00e7\u00f5es sobre seguran\u00e7a p\u00fablica. Checagens posteriores apontaram problemas em declara\u00e7\u00f5es sobre criminalidade, feminic\u00eddio e legisla\u00e7\u00e3o relacionada \u00e0s sa\u00eddas tempor\u00e1rias de presos.<\/p>\n\n\n\n<p class=\"wp-block-paragraph\">Politicamente, Zema manteve coer\u00eancia com o eleitorado liberal e conservador, mas deixou uma quest\u00e3o importante: at\u00e9 que ponto consegue apresentar uma candidatura suficientemente diferente do bolsonarismo para conquistar eleitores de centro e, simultaneamente, disputar votos da direita?<\/p>\n\n\n\n<p class=\"wp-block-paragraph\">Seu ponto forte foi a identidade econ\u00f4mica clara. A fragilidade apareceu quando resultados concretos de sua administra\u00e7\u00e3o foram confrontados com algumas das premissas utilizadas em seu discurso nacional.<\/p>\n\n\n\n<p class=\"wp-block-paragraph\"><strong>RONALDO CAIADO: EXPERI\u00caNCIA E SEGURAN\u00c7A COMO CART\u00d5ES DE VISITA<\/strong><\/p>\n\n\n\n<p class=\"wp-block-paragraph\">Ronaldo Caiado procurou utilizar a experi\u00eancia acumulada na vida p\u00fablica e principalmente sua passagem pelo Governo de Goi\u00e1s como prova de capacidade administrativa.<\/p>\n\n\n\n<p class=\"wp-block-paragraph\">A seguran\u00e7a p\u00fablica apareceu como sua principal bandeira.<\/p>\n\n\n\n<p class=\"wp-block-paragraph\">Caiado defendeu maior integra\u00e7\u00e3o entre as for\u00e7as policiais brasileiras e pa\u00edses vizinhos para combater organiza\u00e7\u00f5es criminosas, tr\u00e1fico de drogas e armas.<\/p>\n\n\n\n<p class=\"wp-block-paragraph\">Sua experi\u00eancia administrativa lhe deu uma vantagem importante: diferentemente de candidatos que precisam explicar apenas aquilo que pretendem realizar, Caiado p\u00f4de recorrer aos resultados de Goi\u00e1s para sustentar parte de seu discurso.<\/p>\n\n\n\n<p class=\"wp-block-paragraph\">Por outro lado, encontrou dificuldades quando pressionado a detalhar medidas econ\u00f4micas e fiscais.<\/p>\n\n\n\n<p class=\"wp-block-paragraph\">Tamb\u00e9m houve questionamentos factuais. Checagem da Ag\u00eancia Lupa apontou, por exemplo, erro na descri\u00e7\u00e3o das atribui\u00e7\u00f5es da Europol e falta de contexto em algumas informa\u00e7\u00f5es utilizadas sobre criminalidade e endividamento.<\/p>\n\n\n\n<p class=\"wp-block-paragraph\">Outro ponto de repercuss\u00e3o foi sua defesa de anistia relacionada aos condenados pelos atos de 8 de janeiro. Caiado procura apresentar a proposta como instrumento de pacifica\u00e7\u00e3o nacional, enquanto seus cr\u00edticos enxergam riscos institucionais nessa posi\u00e7\u00e3o.<\/p>\n\n\n\n<p class=\"wp-block-paragraph\">A entrevista mostrou um candidato experiente, especialmente confort\u00e1vel ao falar de seguran\u00e7a e administra\u00e7\u00e3o, mas que precisa apresentar com maior precis\u00e3o como pretende executar seu projeto econ\u00f4mico em escala nacional.<\/p>\n\n\n\n<p class=\"wp-block-paragraph\"><strong>RENAN SANTOS: COMUNICA\u00c7\u00c3O FORTE E PROPOSTAS DE ALTO IMPACTO<\/strong><\/p>\n\n\n\n<p class=\"wp-block-paragraph\">Renan Santos utilizou a entrevista para refor\u00e7ar sua imagem de candidato antissistema.<\/p>\n\n\n\n<p class=\"wp-block-paragraph\">Demonstrou facilidade de comunica\u00e7\u00e3o, disposi\u00e7\u00e3o para o confronto e capacidade de produzir declara\u00e7\u00f5es com grande potencial de repercuss\u00e3o nas redes sociais.<\/p>\n\n\n\n<p class=\"wp-block-paragraph\">Uma delas foi a defesa de que o Brasil desenvolva capacidade nuclear militar.<\/p>\n\n\n\n<p class=\"wp-block-paragraph\">A proposta imediatamente abriu um debate sobre sua compatibilidade com a Constitui\u00e7\u00e3o e os compromissos internacionais brasileiros.<\/p>\n\n\n\n<p class=\"wp-block-paragraph\">Na seguran\u00e7a p\u00fablica, Renan apresentou posi\u00e7\u00f5es bastante duras contra o crime organizado. Checagens posteriores, entretanto, identificaram problemas em algumas de suas afirma\u00e7\u00f5es sobre legisla\u00e7\u00e3o contra organiza\u00e7\u00f5es criminosas, feminic\u00eddio e pol\u00edticas clim\u00e1ticas.<\/p>\n\n\n\n<p class=\"wp-block-paragraph\">Seu principal m\u00e9rito foi utilizar a exposi\u00e7\u00e3o nacional para consolidar uma identidade pr\u00f3pria.<\/p>\n\n\n\n<p class=\"wp-block-paragraph\">Mas sua principal qualidade tamb\u00e9m representa seu maior risco: propostas destinadas a provocar forte impacto pol\u00edtico precisam sobreviver ao teste da Constitui\u00e7\u00e3o, do or\u00e7amento, das rela\u00e7\u00f5es internacionais e da capacidade real de execu\u00e7\u00e3o.<\/p>\n\n\n\n<p class=\"wp-block-paragraph\">Renan demonstrou capacidade para chamar aten\u00e7\u00e3o. Ainda precisa convencer uma parcela maior do eleitorado de que suas propostas podem ultrapassar o discurso de ruptura e se transformar em pol\u00edticas p\u00fablicas vi\u00e1veis.<\/p>\n\n\n\n<p class=\"wp-block-paragraph\"><strong>LULA: EXPERI\u00caNCIA PRESIDENCIAL, MAS NA DEFENSIVA<\/strong><\/p>\n\n\n\n<p class=\"wp-block-paragraph\">Luiz In\u00e1cio Lula da Silva entrou na entrevista em condi\u00e7\u00e3o diferente dos demais.<\/p>\n\n\n\n<p class=\"wp-block-paragraph\">Como presidente da Rep\u00fablica e candidato \u00e0 reelei\u00e7\u00e3o, precisava responder n\u00e3o apenas sobre aquilo que pretende fazer, mas tamb\u00e9m pelo governo que atualmente comanda.<\/p>\n\n\n\n<p class=\"wp-block-paragraph\">Isso mudou a din\u00e2mica de sua sabatina.<\/p>\n\n\n\n<p class=\"wp-block-paragraph\">Grande parte da entrevista foi ocupada por questionamentos relacionados a controv\u00e9rsias envolvendo pessoas pr\u00f3ximas ao presidente e seu governo.<\/p>\n\n\n\n<p class=\"wp-block-paragraph\">Lula adotou uma postura combativa e demonstrou a experi\u00eancia pol\u00edtica acumulada ao longo de d\u00e9cadas. Entretanto, em alguns momentos mostrou irrita\u00e7\u00e3o diante da insist\u00eancia dos entrevistadores.<\/p>\n\n\n\n<p class=\"wp-block-paragraph\">Um dos epis\u00f3dios mais delicados ocorreu quando negou ter estado com a lobista Roberta Luchsinger, afirma\u00e7\u00e3o posteriormente confrontada com registros fotogr\u00e1ficos. O epis\u00f3dio ganhou destaque nas avalia\u00e7\u00f5es sobre as sabatinas.<\/p>\n\n\n\n<p class=\"wp-block-paragraph\">O presidente tamb\u00e9m foi questionado sobre economia e d\u00edvida p\u00fablica. Sua experi\u00eancia no comando do pa\u00eds ficou evidente, mas a necessidade de responder por acontecimentos do atual mandato reduziu significativamente o espa\u00e7o dispon\u00edvel para apresentar uma agenda de futuro.<\/p>\n\n\n\n<p class=\"wp-block-paragraph\">Assim, Lula passou boa parte da entrevista em posi\u00e7\u00e3o defensiva.<\/p>\n\n\n\n<p class=\"wp-block-paragraph\">Para um presidente candidato \u00e0 reelei\u00e7\u00e3o, esse \u00e9 um risco: quanto mais tempo precisa utilizar explicando o presente e o passado, menos tempo possui para convencer o eleitor sobre os pr\u00f3ximos quatro anos.<\/p>\n\n\n\n<p class=\"wp-block-paragraph\"><strong>FL\u00c1VIO BOLSONARO: FOR\u00c7A JUNTO \u00c0 BASE, MAS DIFICULDADE PARA AMPLIAR O DISCURSO<\/strong><\/p>\n\n\n\n<p class=\"wp-block-paragraph\">Fl\u00e1vio Bolsonaro entrou na sabatina carregando inevitavelmente o peso pol\u00edtico do sobrenome e do legado de Jair Bolsonaro.<\/p>\n\n\n\n<p class=\"wp-block-paragraph\">A entrevista abordou sistema eleitoral, 8 de Janeiro, Banco Master, quest\u00f5es relacionadas \u00e0 fam\u00edlia Bolsonaro, economia e pol\u00edticas p\u00fablicas.<\/p>\n\n\n\n<p class=\"wp-block-paragraph\">Fl\u00e1vio demonstrou capacidade para se comunicar diretamente com o eleitor conservador e procurou transformar algumas respostas em mensagens direcionadas \u00e0 sua base.<\/p>\n\n\n\n<p class=\"wp-block-paragraph\">Esse comportamento pode funcionar para manter mobilizado o eleitorado bolsonarista.<\/p>\n\n\n\n<p class=\"wp-block-paragraph\">O desafio, entretanto, \u00e9 outro: conquistar quem n\u00e3o faz parte desse n\u00facleo.<\/p>\n\n\n\n<p class=\"wp-block-paragraph\">Quando a discuss\u00e3o avan\u00e7ou para pol\u00edticas p\u00fablicas, economia e quest\u00f5es administrativas, algumas respostas ficaram no terreno das generalidades.<\/p>\n\n\n\n<p class=\"wp-block-paragraph\">Tamb\u00e9m houve questionamentos sobre a precis\u00e3o de determinadas afirma\u00e7\u00f5es feitas durante a entrevista.<\/p>\n\n\n\n<p class=\"wp-block-paragraph\">O ponto forte de Fl\u00e1vio est\u00e1 na exist\u00eancia de uma base eleitoral claramente identificada e altamente mobilizada.<\/p>\n\n\n\n<p class=\"wp-block-paragraph\">Sua fragilidade est\u00e1 justamente na necessidade de demonstrar autonomia pol\u00edtica, preparo administrativo e capacidade de dialogar com os eleitores que n\u00e3o pertencem ao campo bolsonarista.<\/p>\n\n\n\n<p class=\"wp-block-paragraph\">Para vencer uma elei\u00e7\u00e3o presidencial, preservar a base \u00e9 importante. Ampli\u00e1-la \u00e9 indispens\u00e1vel.<\/p>\n\n\n\n<p class=\"wp-block-paragraph\"><strong>AUGUSTO CURY: IDEIAS DIFERENTES, MAS FALTA DETALHAR COMO EXECUT\u00c1-LAS<\/strong><\/p>\n\n\n\n<p class=\"wp-block-paragraph\">Augusto Cury encerrou a s\u00e9rie apresentando um perfil completamente diferente dos pol\u00edticos tradicionais.<\/p>\n\n\n\n<p class=\"wp-block-paragraph\">Escritor e m\u00e9dico psiquiatra, estreante na disputa eleitoral, procurou construir sua participa\u00e7\u00e3o sobre tr\u00eas pilares: combate \u00e0 polariza\u00e7\u00e3o, inova\u00e7\u00e3o tecnol\u00f3gica e uma vis\u00e3o mais humanista da administra\u00e7\u00e3o p\u00fablica.<\/p>\n\n\n\n<p class=\"wp-block-paragraph\">Cury mostrou facilidade para formular reflex\u00f5es e frases de impacto, caracter\u00edstica de sua trajet\u00f3ria como escritor e palestrante.<\/p>\n\n\n\n<p class=\"wp-block-paragraph\">Sua principal bandeira foi a utiliza\u00e7\u00e3o da intelig\u00eancia artificial e da tecnologia para modernizar o Estado.<\/p>\n\n\n\n<p class=\"wp-block-paragraph\">Tamb\u00e9m falou sobre redu\u00e7\u00e3o de minist\u00e9rios e cargos comissionados, telemedicina, viol\u00eancia contra a mulher, tributa\u00e7\u00e3o das casas de apostas e moderniza\u00e7\u00e3o da atua\u00e7\u00e3o internacional brasileira.<\/p>\n\n\n\n<p class=\"wp-block-paragraph\">Na seguran\u00e7a das mulheres, uma das propostas que mais chamaram aten\u00e7\u00e3o foi a utiliza\u00e7\u00e3o de tecnologia e drones como ferramentas auxiliares no combate ao feminic\u00eddio.<\/p>\n\n\n\n<p class=\"wp-block-paragraph\">Na pol\u00edtica externa, sugeriu modernizar a promo\u00e7\u00e3o comercial brasileira, chegando a mencionar influenciadores digitais associados \u00e0 atua\u00e7\u00e3o das embaixadas.<\/p>\n\n\n\n<p class=\"wp-block-paragraph\">As ideias conseguiram diferenci\u00e1-lo dos demais candidatos.<\/p>\n\n\n\n<p class=\"wp-block-paragraph\">Mas a entrevista tamb\u00e9m revelou sua principal dificuldade: transformar conceitos em pol\u00edticas p\u00fablicas detalhadas.<\/p>\n\n\n\n<p class=\"wp-block-paragraph\">Quando pressionado sobre custos, mecanismos de execu\u00e7\u00e3o e funcionamento de determinadas propostas, Cury demonstrou dificuldades e chegou a relativizar algumas delas.<\/p>\n\n\n\n<p class=\"wp-block-paragraph\">Al\u00e9m disso, checagem publicada ap\u00f3s sua entrevista identificou imprecis\u00f5es. Entre elas estava sua afirma\u00e7\u00e3o de que cada crian\u00e7a brasileira j\u00e1 nasceria devendo R$ 50 mil por causa da d\u00edvida p\u00fablica. A divis\u00e3o matem\u00e1tica da d\u00edvida pela popula\u00e7\u00e3o pode produzir valor semelhante, mas d\u00edvida p\u00fablica n\u00e3o representa obriga\u00e7\u00e3o pessoal individual de cada brasileiro.<\/p>\n\n\n\n<p class=\"wp-block-paragraph\">Tamb\u00e9m houve imprecis\u00e3o na informa\u00e7\u00e3o apresentada sobre a tributa\u00e7\u00e3o das bets.<\/p>\n\n\n\n<p class=\"wp-block-paragraph\">Cury trouxe assuntos importantes e pouco explorados pelos advers\u00e1rios, especialmente intelig\u00eancia artificial, automa\u00e7\u00e3o, sa\u00fade mental e transforma\u00e7\u00e3o tecnol\u00f3gica.<\/p>\n\n\n\n<p class=\"wp-block-paragraph\">Seu diferencial \u00e9 justamente pensar fora da pol\u00edtica tradicional.<\/p>\n\n\n\n<p class=\"wp-block-paragraph\">Sua fragilidade \u00e9 demonstrar como essas ideias seriam transformadas em programas governamentais com or\u00e7amento, legisla\u00e7\u00e3o, equipes, metas e articula\u00e7\u00e3o com o Congresso Nacional.<\/p>\n\n\n\n<p class=\"wp-block-paragraph\"><strong>NINGU\u00c9M SAIU VENCEDOR ABSOLUTO<\/strong><\/p>\n\n\n\n<p class=\"wp-block-paragraph\">Depois das seis entrevistas, seria simplista apontar um vencedor.<\/p>\n\n\n\n<p class=\"wp-block-paragraph\">Cada candidato entrou no est\u00fadio com desafios diferentes.<\/p>\n\n\n\n<p class=\"wp-block-paragraph\">-Zema precisava demonstrar que sua experi\u00eancia administrativa e sua agenda liberal poderiam funcionar nacionalmente.<\/p>\n\n\n\n<p class=\"wp-block-paragraph\">-Caiado precisava transformar os resultados de Goi\u00e1s em credencial para governar o Brasil.<\/p>\n\n\n\n<p class=\"wp-block-paragraph\">-Renan precisava utilizar a exposi\u00e7\u00e3o nacional para tornar sua candidatura conhecida.<\/p>\n\n\n\n<p class=\"wp-block-paragraph\">-Lula precisava defender seu governo e simultaneamente apresentar raz\u00f5es para conquistar um novo mandato.<\/p>\n\n\n\n<p class=\"wp-block-paragraph\">-Fl\u00e1vio precisava mostrar que existe uma candidatura presidencial al\u00e9m do sobrenome Bolsonaro.<\/p>\n\n\n\n<p class=\"wp-block-paragraph\">-E Augusto Cury precisava provar que boas ideias e capacidade de comunica\u00e7\u00e3o podem ser transformadas em compet\u00eancia administrativa.<\/p>\n\n\n\n<p class=\"wp-block-paragraph\"><strong>Nenhum conseguiu cumprir integralmente essa miss\u00e3o.<\/strong><\/p>\n\n\n\n<p class=\"wp-block-paragraph\">Uma an\u00e1lise publicada ap\u00f3s o encerramento das sabatinas destacou justamente o nervosismo, as generalidades e as dificuldades dos candidatos quando submetidos a perguntas mais incisivas. Tamb\u00e9m concluiu que n\u00e3o houve um grande vencedor nem algu\u00e9m completamente destru\u00eddo politicamente pelas entrevistas.<\/p>\n\n\n\n<p class=\"wp-block-paragraph\"><strong>O GRANDE VENCEDOR PODE TER SIDO O ELEITOR<\/strong><\/p>\n\n\n\n<p class=\"wp-block-paragraph\">H\u00e1, entretanto, um aspecto positivo.<\/p>\n\n\n\n<p class=\"wp-block-paragraph\">As entrevistas obrigaram os presidenci\u00e1veis a sair do ambiente controlado das campanhas.<\/p>\n\n\n\n<p class=\"wp-block-paragraph\">Nas redes sociais, candidatos escolhem o assunto, editam v\u00eddeos, selecionam perguntas e publicam apenas aquilo que interessa \u00e0 estrat\u00e9gia eleitoral.<\/p>\n\n\n\n<p class=\"wp-block-paragraph\">Em uma entrevista ao vivo e sob press\u00e3o, isso muda.<\/p>\n\n\n\n<p class=\"wp-block-paragraph\">Contradi\u00e7\u00f5es aparecem. N\u00fameros s\u00e3o questionados. Promessas precisam ser explicadas. Experi\u00eancias administrativas s\u00e3o confrontadas com resultados.<\/p>\n\n\n\n<p class=\"wp-block-paragraph\">E justamente a\u00ed est\u00e1 o valor democr\u00e1tico desse tipo de sabatina.<\/p>\n\n\n\n<p class=\"wp-block-paragraph\">O eleitor n\u00e3o deveria escolher seu candidato apenas por quem apresentou a melhor frase, demonstrou maior tranquilidade ou venceu determinado confronto com os entrevistadores.<\/p>\n\n\n\n<p class=\"wp-block-paragraph\">\u00c9 preciso observar algo mais profundo: quem conhece efetivamente os problemas do Brasil e apresenta solu\u00e7\u00f5es capazes de funcionar na realidade.<\/p>\n\n\n\n<p class=\"wp-block-paragraph\">Uma proposta presidencial precisa responder perguntas b\u00e1sicas: quanto custa? De onde vir\u00e1 o dinheiro? Depende do Congresso? \u00c9 constitucional? Qual ser\u00e1 o prazo? Quais ser\u00e3o as prioridades? E quais resultados poder\u00e3o ser cobrados depois?<\/p>\n\n\n\n<p class=\"wp-block-paragraph\">Nesse quesito, as seis entrevistas mostraram que ainda existe uma dist\u00e2ncia consider\u00e1vel entre o discurso eleitoral e o detalhamento necess\u00e1rio para governar um pa\u00eds da dimens\u00e3o do Brasil.<\/p>\n\n\n\n<p class=\"wp-block-paragraph\"><strong>As sabatinas terminaram.<\/strong><\/p>\n\n\n\n<p class=\"wp-block-paragraph\">Agora, come\u00e7a uma fase ainda mais importante: comparar n\u00e3o apenas personalidades e discursos, mas projetos de pa\u00eds.<\/p>\n\n\n\n<p class=\"wp-block-paragraph\">Porque vencer uma entrevista pode produzir manchetes e votos.<\/p>\n\n\n\n<p class=\"wp-block-paragraph\">Governar o Brasil exige muito mais.<\/p>","protected":false},"excerpt":{"rendered":"<p>Entrevistas com Romeu Zema, Ronaldo Caiado, Renan Santos, Lula, Fl\u00e1vio Bolsonaro e Augusto Cury colocaram candidatos sob press\u00e3o e revelaram diferen\u00e7as de experi\u00eancia, comunica\u00e7\u00e3o e capacidade de detalhar propostas JC OLIVEIRA A s\u00e9rie de entrevistas da Rede Globo com os principais candidatos \u00e0 Presid\u00eancia da Rep\u00fablica ofereceu ao eleitor uma oportunidade importante para observar os [&hellip;]<\/p>\n","protected":false},"author":1,"featured_media":0,"comment_status":"open","ping_status":"open","sticky":false,"template":"","format":"standard","meta":{"om_disable_all_campaigns":false,"_monsterinsights_skip_tracking":false,"footnotes":""},"categories":[4],"tags":[],"class_list":["post-3466","post","type-post","status-publish","format-standard","hentry","category-politica"],"amp_enabled":true,"_links":{"self":[{"href":"https:\/\/jornalfc.com\/pt\/wp-json\/wp\/v2\/posts\/3466","targetHints":{"allow":["GET"]}}],"collection":[{"href":"https:\/\/jornalfc.com\/pt\/wp-json\/wp\/v2\/posts"}],"about":[{"href":"https:\/\/jornalfc.com\/pt\/wp-json\/wp\/v2\/types\/post"}],"author":[{"embeddable":true,"href":"https:\/\/jornalfc.com\/pt\/wp-json\/wp\/v2\/users\/1"}],"replies":[{"embeddable":true,"href":"https:\/\/jornalfc.com\/pt\/wp-json\/wp\/v2\/comments?post=3466"}],"version-history":[{"count":1,"href":"https:\/\/jornalfc.com\/pt\/wp-json\/wp\/v2\/posts\/3466\/revisions"}],"predecessor-version":[{"id":3468,"href":"https:\/\/jornalfc.com\/pt\/wp-json\/wp\/v2\/posts\/3466\/revisions\/3468"}],"wp:attachment":[{"href":"https:\/\/jornalfc.com\/pt\/wp-json\/wp\/v2\/media?parent=3466"}],"wp:term":[{"taxonomy":"category","embeddable":true,"href":"https:\/\/jornalfc.com\/pt\/wp-json\/wp\/v2\/categories?post=3466"},{"taxonomy":"post_tag","embeddable":true,"href":"https:\/\/jornalfc.com\/pt\/wp-json\/wp\/v2\/tags?post=3466"}],"curies":[{"name":"wp","href":"https:\/\/api.w.org\/{rel}","templated":true}]}}